{"id":154471,"date":"2025-11-17T00:42:18","date_gmt":"2025-11-17T00:42:18","guid":{"rendered":"https:\/\/www.europesays.com\/pt\/154471\/"},"modified":"2025-11-17T00:42:18","modified_gmt":"2025-11-17T00:42:18","slug":"policia-investiga-tentativa-de-atropelamento-em-sao-martinho","status":"publish","type":"post","link":"https:\/\/www.europesays.com\/pt\/154471\/","title":{"rendered":"Pol\u00edcia investiga tentativa de atropelamento em S\u00e3o Martinho"},"content":{"rendered":"\n<p class=\"p_0\">A Pol\u00edcia de Seguran\u00e7a P\u00fablica (PSP) est\u00e1 a investigar uma alegada tentativa de atropelamento ocorrida na noite de s\u00e1bado, na Rua do Engenho Velho, em S\u00e3o Martinho, onde uma fam\u00edlia se atirou para dentro de uma levada para evitar ser atingida por um ve\u00edculo. Entre os envolvidos est\u00e3o uma m\u00e3e e o filho, bem como uma terceira pessoa que ter\u00e1 testemunhado todo o incidente.<\/p>\n<p class=\"p_1\">Segundo fonte policial, do sucedido resultou um ferido, sendo que uma mulher de 60 anos foi assistida no hospital. A v\u00edtima recebeu assist\u00eancia pr\u00e9-hospitalar no local e foi transportada num ambul\u00e2ncia para o hospital, onde ficou internada nos servi\u00e7o de urg\u00eancias para observa\u00e7\u00e3o e tratamento, apresentando queixas de traumatismos na cabe\u00e7a, na zona dorsal e nos membros inferiores.<\/p>\n<p class=\"p_2\">De acordo com o relato da fam\u00edlia \u00e0 PSP, o carro ter\u00e1 avan\u00e7ado na dire\u00e7\u00e3o dos dois familiares, chegando a subir para o passeio. Para evitar o embate, ambos lan\u00e7aram-se para dentro de uma levada. Tanto as v\u00edtimas como a testemunha conseguiram identificar o ve\u00edculo e o alegado condutor, informa\u00e7\u00e3o que j\u00e1 foi transmitida \u00e0s autoridades, que compareceram na zona onde tudo aconteceu.<\/p>\n<p class=\"p_3\">O caso est\u00e1 agora a ser investigado pela PSP, que procura apurar as circunst\u00e2ncias do incidente e determinar se existe alguma rela\u00e7\u00e3o entre o condutor e a fam\u00edlia envolvida. Um caso que configura um crime.<\/p>\n","protected":false},"excerpt":{"rendered":"A Pol\u00edcia de Seguran\u00e7a P\u00fablica (PSP) est\u00e1 a investigar uma alegada tentativa de atropelamento ocorrida na noite de&hellip;\n","protected":false},"author":2,"featured_media":154472,"comment_status":"","ping_status":"","sticky":false,"template":"","format":"standard","meta":{"footnotes":""},"categories":[10],"tags":[2240,27,28,15,16,14,25,26,21,22,12,13,19,20,32,23,24,33,17,18,29,30,31],"class_list":{"0":"post-154471","1":"post","2":"type-post","3":"status-publish","4":"format-standard","5":"has-post-thumbnail","7":"category-portugal","8":"tag-atropelamento","9":"tag-breaking-news","10":"tag-breakingnews","11":"tag-featured-news","12":"tag-featurednews","13":"tag-headlines","14":"tag-latest-news","15":"tag-latestnews","16":"tag-main-news","17":"tag-mainnews","18":"tag-news","19":"tag-noticias","20":"tag-noticias-principais","21":"tag-noticiasprincipais","22":"tag-portugal","23":"tag-principais-noticias","24":"tag-principaisnoticias","25":"tag-pt","26":"tag-top-stories","27":"tag-topstories","28":"tag-ultimas","29":"tag-ultimas-noticias","30":"tag-ultimasnoticias"},"share_on_mastodon":{"url":"https:\/\/pubeurope.com\/@pt\/115562266173014695","error":""},"_links":{"self":[{"href":"https:\/\/www.europesays.com\/pt\/wp-json\/wp\/v2\/posts\/154471","targetHints":{"allow":["GET"]}}],"collection":[{"href":"https:\/\/www.europesays.com\/pt\/wp-json\/wp\/v2\/posts"}],"about":[{"href":"https:\/\/www.europesays.com\/pt\/wp-json\/wp\/v2\/types\/post"}],"author":[{"embeddable":true,"href":"https:\/\/www.europesays.com\/pt\/wp-json\/wp\/v2\/users\/2"}],"replies":[{"embeddable":true,"href":"https:\/\/www.europesays.com\/pt\/wp-json\/wp\/v2\/comments?post=154471"}],"version-history":[{"count":0,"href":"https:\/\/www.europesays.com\/pt\/wp-json\/wp\/v2\/posts\/154471\/revisions"}],"wp:featuredmedia":[{"embeddable":true,"href":"https:\/\/www.europesays.com\/pt\/wp-json\/wp\/v2\/media\/154472"}],"wp:attachment":[{"href":"https:\/\/www.europesays.com\/pt\/wp-json\/wp\/v2\/media?parent=154471"}],"wp:term":[{"taxonomy":"category","embeddable":true,"href":"https:\/\/www.europesays.com\/pt\/wp-json\/wp\/v2\/categories?post=154471"},{"taxonomy":"post_tag","embeddable":true,"href":"https:\/\/www.europesays.com\/pt\/wp-json\/wp\/v2\/tags?post=154471"}],"curies":[{"name":"wp","href":"https:\/\/api.w.org\/{rel}","templated":true}]}}