{"id":154475,"date":"2025-11-17T00:47:19","date_gmt":"2025-11-17T00:47:19","guid":{"rendered":"https:\/\/www.europesays.com\/pt\/154475\/"},"modified":"2025-11-17T00:47:19","modified_gmt":"2025-11-17T00:47:19","slug":"o-look-arrasador-e-unico-de-cristina-ferreira-em-mais-uma-gala-do-secret-story-secret-story","status":"publish","type":"post","link":"https:\/\/www.europesays.com\/pt\/154475\/","title":{"rendered":"O look arrasador e \u00fanico de Cristina Ferreira em mais uma gala do Secret Story &#8211; Secret Story"},"content":{"rendered":"<p>\n                    Cristina Ferreira est\u00e1 deslumbrante em mais uma gala do Secret Story 9.\n                <\/p>\n<p data-end=\"346\" data-start=\"79\">Cristina Ferreira est\u00e1 deslumbrante em mais uma gala do Secret Story 9, com um elegante vestido em tons lavanda. A pe\u00e7a destacou-se pelo corte assim\u00e9trico, pelos drapeados que valorizam a silhueta e pela capa num dos ombros, que acrescentou movimento e glamour ao conjunto.<\/p>\n<p data-end=\"561\" data-start=\"348\">Com maquilhagem luminosa e cabelo ondulado num estilo moderno e natural, o visual manteve-se equilibrado e sofisticado. Os acess\u00f3rios foram discretos, permitindo que o vestido fosse o grande protagonista da noite.<\/p>\n<p data-end=\"561\" data-start=\"348\">Percorra a galeria de fotografias que prepar\u00e1mos para si com as imagens do look arrasador de Cristina Ferreira na gala do Secret Story 9.\u00a0<\/p>\n","protected":false},"excerpt":{"rendered":"Cristina Ferreira est\u00e1 deslumbrante em mais uma gala do Secret Story 9. Cristina Ferreira est\u00e1 deslumbrante em mais&hellip;\n","protected":false},"author":2,"featured_media":154476,"comment_status":"","ping_status":"","sticky":false,"template":"","format":"standard","meta":{"footnotes":""},"categories":[142],"tags":[166,114,115,18672,330,18673,18674,4319,32,33,151],"class_list":{"0":"post-154475","1":"post","2":"type-post","3":"status-publish","4":"format-standard","5":"has-post-thumbnail","7":"category-tv","8":"tag-cristina-ferreira","9":"tag-entertainment","10":"tag-entretenimento","11":"tag-fotos-oficiais-secret-story","12":"tag-gala","13":"tag-galerias-casa-dos-segredos","14":"tag-imagens-concorrentes-tvi","15":"tag-look","16":"tag-portugal","17":"tag-pt","18":"tag-tv"},"share_on_mastodon":{"url":"https:\/\/pubeurope.com\/@pt\/115562286033220880","error":""},"_links":{"self":[{"href":"https:\/\/www.europesays.com\/pt\/wp-json\/wp\/v2\/posts\/154475","targetHints":{"allow":["GET"]}}],"collection":[{"href":"https:\/\/www.europesays.com\/pt\/wp-json\/wp\/v2\/posts"}],"about":[{"href":"https:\/\/www.europesays.com\/pt\/wp-json\/wp\/v2\/types\/post"}],"author":[{"embeddable":true,"href":"https:\/\/www.europesays.com\/pt\/wp-json\/wp\/v2\/users\/2"}],"replies":[{"embeddable":true,"href":"https:\/\/www.europesays.com\/pt\/wp-json\/wp\/v2\/comments?post=154475"}],"version-history":[{"count":0,"href":"https:\/\/www.europesays.com\/pt\/wp-json\/wp\/v2\/posts\/154475\/revisions"}],"wp:featuredmedia":[{"embeddable":true,"href":"https:\/\/www.europesays.com\/pt\/wp-json\/wp\/v2\/media\/154476"}],"wp:attachment":[{"href":"https:\/\/www.europesays.com\/pt\/wp-json\/wp\/v2\/media?parent=154475"}],"wp:term":[{"taxonomy":"category","embeddable":true,"href":"https:\/\/www.europesays.com\/pt\/wp-json\/wp\/v2\/categories?post=154475"},{"taxonomy":"post_tag","embeddable":true,"href":"https:\/\/www.europesays.com\/pt\/wp-json\/wp\/v2\/tags?post=154475"}],"curies":[{"name":"wp","href":"https:\/\/api.w.org\/{rel}","templated":true}]}}