{"id":154477,"date":"2025-11-17T00:48:24","date_gmt":"2025-11-17T00:48:24","guid":{"rendered":"https:\/\/www.europesays.com\/pt\/154477\/"},"modified":"2025-11-17T00:48:24","modified_gmt":"2025-11-17T00:48:24","slug":"ana-castela-volta-ao-brasil-apos-grammy-latino-e-ganha-bolo-de-aniversario","status":"publish","type":"post","link":"https:\/\/www.europesays.com\/pt\/154477\/","title":{"rendered":"Ana Castela volta ao Brasil ap\u00f3s Grammy Latino e ganha bolo de anivers\u00e1rio"},"content":{"rendered":"<p class=\"my-5 break-words group-[.isActiveSource]:text-xl\">A cantora <strong class=\"group-[.isActiveSource]:text-xl group-[.isActiveSource]:font-bold\">Ana Castela<\/strong> voltou ao Brasil neste s\u00e1bado (15) e foi recebida com um bolo de anivers\u00e1rio em casa, em Londrina, no Paran\u00e1. A boiadeira estava em Las Vegas, nos Estados Unidos, para acompanhar o <strong class=\"group-[.isActiveSource]:text-xl group-[.isActiveSource]:font-bold\">Grammy Latino 2025.<\/strong><\/p>\n<p class=\"my-5 break-words group-[.isActiveSource]:text-xl\">Ap\u00f3s perder a categoria de &#8220;Melhor \u00c1lbum de M\u00fasica Sertaneja&#8221;, ela retornou ao Brasil e antecipou a comemora\u00e7\u00e3o de anivers\u00e1rio. <a href=\"https:\/\/www.cnnbrasil.com.br\/entretenimento\/ana-castela-reclama-de-tamanho-de-alianca-com-ze-felipe-vergonha\/\" class=\"text-red-600 underline hover:text-red-500 font-medium break-words group-[.isActiveSource]:text-xl\" target=\"_self\" rel=\"nofollow noopener\">Ana Castela<\/a> completa 22 anos no domingo (16).<\/p>\n<p class=\"my-5 break-words group-[.isActiveSource]:text-xl\">Ao desembarcar, ela brincou sobre a demora para conseguir voltar dos EUA. &#8220;Advinha quem chegou no Brasil? Eu. Depois de 82 horas de voo. 36 horas andando, uma girafa que precisamos pegar para chegar at\u00e9 aqui&#8221;.<\/p>\n<p class=\"my-5 break-words group-[.isActiveSource]:text-xl\">No story do Instagram, ela mostrou que ganhou um bolo rosa com a mensagem especial: &#8220;Feliz anivers\u00e1rio Ana Fl\u00e1via&#8221;. Ap\u00f3s a cerim\u00f4nia do Grammy Latino 2025, <a href=\"https:\/\/www.cnnbrasil.com.br\/entretenimento\/grammy-latino-2025-ana-castela-agradece-fas-apos-perder-premio\/\" class=\"text-red-600 underline hover:text-red-500 font-medium break-words group-[.isActiveSource]:text-xl\" target=\"_self\" rel=\"nofollow noopener\">ela usou as redes sociais para se pronunciar sobre a derrota na categoria<\/a>, onde concorria com o \u00e1lbum &#8220;Let\u2019s Go Rodeo&#8221;.<\/p>\n<p class=\"my-5 break-words group-[.isActiveSource]:text-xl\">A vit\u00f3ria ficou com\u00a0<strong class=\"group-[.isActiveSource]:text-xl group-[.isActiveSource]:font-bold group-[.isActiveSource]:text-xl group-[.isActiveSource]:font-bold\" data-start=\"527\" data-end=\"551\">Chit\u00e3ozinho &amp; Xoror\u00f3<\/strong>, pelo \u00e1lbum &#8220;Jos\u00e9 &amp; Durval&#8221;. Mesmo sem o trof\u00e9u, a cantora se mostrou grata pela experi\u00eancia de estar na premia\u00e7\u00e3o e pela oportunidade de representar o Brasil.<\/p>\n<p class=\"my-5 break-words group-[.isActiveSource]:text-xl\">Confira:<\/p>\n<p><img decoding=\"async\" src=\"https:\/\/www.europesays.com\/pt\/wp-content\/uploads\/2025\/11\/ana-castela2.jpg\" alt=\"Ana Castela mostra bolo especial de anivers\u00e1rio \u2022 Instagram\/Ana Castela\" width=\"849\" height=\"477\" class=\"flex size-full object-cover\" loading=\"lazy\"\/>Ana Castela mostra bolo especial de anivers\u00e1rio \u2022 Instagram\/Ana Castela<\/p>\n","protected":false},"excerpt":{"rendered":"A cantora Ana Castela voltou ao Brasil neste s\u00e1bado (15) e foi recebida com um bolo de anivers\u00e1rio&hellip;\n","protected":false},"author":2,"featured_media":154478,"comment_status":"","ping_status":"","sticky":false,"template":"","format":"standard","meta":{"footnotes":""},"categories":[141],"tags":[114,115,149,150,32,33],"class_list":{"0":"post-154477","1":"post","2":"type-post","3":"status-publish","4":"format-standard","5":"has-post-thumbnail","7":"category-musica","8":"tag-entertainment","9":"tag-entretenimento","10":"tag-music","11":"tag-musica","12":"tag-portugal","13":"tag-pt"},"share_on_mastodon":{"url":"https:\/\/pubeurope.com\/@pt\/115562290024497241","error":""},"_links":{"self":[{"href":"https:\/\/www.europesays.com\/pt\/wp-json\/wp\/v2\/posts\/154477","targetHints":{"allow":["GET"]}}],"collection":[{"href":"https:\/\/www.europesays.com\/pt\/wp-json\/wp\/v2\/posts"}],"about":[{"href":"https:\/\/www.europesays.com\/pt\/wp-json\/wp\/v2\/types\/post"}],"author":[{"embeddable":true,"href":"https:\/\/www.europesays.com\/pt\/wp-json\/wp\/v2\/users\/2"}],"replies":[{"embeddable":true,"href":"https:\/\/www.europesays.com\/pt\/wp-json\/wp\/v2\/comments?post=154477"}],"version-history":[{"count":0,"href":"https:\/\/www.europesays.com\/pt\/wp-json\/wp\/v2\/posts\/154477\/revisions"}],"wp:featuredmedia":[{"embeddable":true,"href":"https:\/\/www.europesays.com\/pt\/wp-json\/wp\/v2\/media\/154478"}],"wp:attachment":[{"href":"https:\/\/www.europesays.com\/pt\/wp-json\/wp\/v2\/media?parent=154477"}],"wp:term":[{"taxonomy":"category","embeddable":true,"href":"https:\/\/www.europesays.com\/pt\/wp-json\/wp\/v2\/categories?post=154477"},{"taxonomy":"post_tag","embeddable":true,"href":"https:\/\/www.europesays.com\/pt\/wp-json\/wp\/v2\/tags?post=154477"}],"curies":[{"name":"wp","href":"https:\/\/api.w.org\/{rel}","templated":true}]}}