{"id":154479,"date":"2025-11-17T00:50:09","date_gmt":"2025-11-17T00:50:09","guid":{"rendered":"https:\/\/www.europesays.com\/pt\/154479\/"},"modified":"2025-11-17T00:50:09","modified_gmt":"2025-11-17T00:50:09","slug":"motogp-bezzechi-brilhou-na-despedida-bonita-de-miguel-oliveira-motociclismo","status":"publish","type":"post","link":"https:\/\/www.europesays.com\/pt\/154479\/","title":{"rendered":"MotoGP: Bezzechi brilhou na despedida \u201cbonita\u201d de Miguel Oliveira | Motociclismo"},"content":{"rendered":"<p>O piloto portugu\u00eas Miguel Oliveira encerrou neste domingo, no Grande Pr\u00e9mio da Comunidade Valenciana, o ciclo de sete temporadas a competir em MotoGP. A despedida foi feita com um 11.\u00ba lugar, tendo partido de 18.\u00ba, no que o piloto da Yamaha disse ser \u201cuma forma bonita\u201d de se despedir do Mundial de Velocidade. A vit\u00f3ria caiu para Marco Bezzecchi, dando \u00e0 Aprilia a segunda vit\u00f3ria consecutiva.<\/p>\n<p>\u201cFoi uma boa corrida de despedida para mim. Fizemos alguns ajustes para o warm-up, a mota ficou bastante melhor e a corrida confirmou isso. Tive um bom ritmo, constante, e partindo t\u00e3o atr\u00e1s, fiquei satisfeito por recuperar sete posi\u00e7\u00f5es\u201d, disse Miguel Oliveira nas <a href=\"https:\/\/www.yamaha-racing.com\/news\/motogp\/burnouts-and-farewells-prima-pramac-yamaha-ends-2025-motogp-season-in-style-with-miller-in-p9-and-oliveira-in-p11\/\" target=\"_blank\" rel=\"nofollow noopener\">declara\u00e7\u00f5es<\/a> ap\u00f3s o final da corrida.<\/p>\n<p>Antes das sete \u00e9pocas em MotoGP, o piloto natural de Almada esteve uma temporada em 125cc, quatro em Moto3, onde foi vice-campe\u00e3o em 2015, e tr\u00eas em Moto2, onde foi terceiro classificado em 2017 e tamb\u00e9m vice-campe\u00e3o em 2018.<\/p>\n<p>        &#13;<\/p>\n<blockquote class=\"twitter-tweet\" data-media-max-width=\"560\">\n<p lang=\"en\" dir=\"ltr\">Farewell Miguel Oliveira, it&#8217;s been a pleasure ??<a href=\"https:\/\/twitter.com\/hashtag\/MotoGP?src=hash&amp;ref_src=twsrc%5Etfw\" rel=\"nofollow noopener\" target=\"_blank\">#MotoGP<\/a> | <a href=\"https:\/\/twitter.com\/hashtag\/ValenciaGP?src=hash&amp;ref_src=twsrc%5Etfw\" rel=\"nofollow noopener\" target=\"_blank\">#ValenciaGP<\/a> | Live on TNT Sports and Discovery+ <a href=\"https:\/\/t.co\/hqLPPcDDWI\" rel=\"nofollow\">pic.twitter.com\/hqLPPcDDWI<\/a><\/p>\n<p>\u2014 TNT Sports Bikes (@bikesontnt) <a href=\"https:\/\/twitter.com\/bikesontnt\/status\/1990066885476454683?ref_src=twsrc%5Etfw\" rel=\"nofollow noopener\" target=\"_blank\">November 16, 2025<\/a><\/p><\/blockquote>\n<p> &#13;<\/p>\n<p>Durante 15 temporadas no Mundial de Velocidade, o portugu\u00eas somou 17 vit\u00f3rias em corridas (cinco em MotoGP e seis em Moto2 e Moto3), dentro de 41 p\u00f3dios em 244 corridas. Uma carreira \u201ccom que muitos pilotos s\u00f3 podem sonhar\u201d, disse.<\/p>\n<p>\u201cTive o privil\u00e9gio de vencer em diferentes categorias e fiz parte de grandes equipas que me ajudaram a alcan\u00e7ar o meu melhor potencial, especialmente na Moto3 e na Moto2. Estou agradecido a muitos fabricantes, muitas equipas e muitas pessoas que conheci ao longo destes anos e que trouxeram ao de cima o melhor de mim. Tudo aquilo que alcan\u00e7ar no futuro ser\u00e1 tamb\u00e9m resultado de todas estas experi\u00eancias\u201d, reflectiu o portugu\u00eas, depois de uma corrida que o deixou satisfeito.<\/p>\n<p>\u201cFoi uma corrida em que me diverti \u2014 uma forma bonita de me despedir dos meus f\u00e3s e tamb\u00e9m da equipa\u201d, sublinhou Oliveira, que, aos 30 anos, <a href=\"https:\/\/www.publico.pt\/2025\/09\/30\/desporto\/noticia\/confirmado-miguel-oliveira-vai-correr-bmw-mundial-superbike-2149034\" target=\"_blank\" rel=\"nofollow noopener\">vai saltar para o Mundial de Superbikes<\/a>.<\/p>\n<p>        &#13;<\/p>\n<p>&#13;<br \/>\n                &#13;\n            <\/p>\n<p>&#13;<\/p>\n<p>O portugu\u00eas j\u00e1 aponta \u00e0 nova categoria: \u201cAgora sinto-me entusiasmado com a nova aventura, mas tamb\u00e9m triste por partir\u2026 uma mistura de emo\u00e7\u00f5es. Enfrento um novo desafio que \u00e9 t\u00e3o assustador quanto empolgante. \u00c9 triste porque sei que ainda tenho muito potencial neste paddock, e sair assim n\u00e3o \u00e9 f\u00e1cil. Mas hoje foi um bom dia \u2014 um dia de celebra\u00e7\u00e3o \u2014 e estou feliz por terminar desta forma.\u201d<\/p>\n<p>Na prova deste domingo, em Val\u00eancia, Marco Bezzecchi deu \u00e0 Aprilia a segunda vit\u00f3ria consecutiva, depois do triunfo no Grande Pr\u00e9mio de Portugal. Raul Fern\u00e1ndez, da Trackhouse, foi segundo, completando a \u201cdobradinha\u201d da Aprilia, com Fabio Di Giannantonio (Ducati) a fechar o p\u00f3dio.<\/p>\n<p>Tudo depois de um drama no final da volta de aquecimento, com Franco Morbidelli for\u00e7ado a abandonar antes do in\u00edcio da corrida, depois de ter colidido com Aleix Espargar\u00f3 na grelha, fracturando a m\u00e3o esquerda ao cair. Na corrida, Bezzecchi fez uma excelente largada, mantendo a lideran\u00e7a na primeira curva, \u00e0 frente de vencedor da sprint race, Alex M\u00e1rquez. A \u00e9poca do italiano Francesco Bagnaia (Ducati) terminou \u00e0 quarta volta, na sequ\u00eancia de uma colis\u00e3o com Johann Zarco.<\/p>\n<p>        &#13;<\/p>\n<blockquote class=\"twitter-tweet\">\n<p lang=\"en\" dir=\"ltr\">At the end of 22 rounds, the <a href=\"https:\/\/twitter.com\/hashtag\/MotoGP?src=hash&amp;ref_src=twsrc%5Etfw\" rel=\"nofollow noopener\" target=\"_blank\">#MotoGP<\/a> Champioship ends like this ??<a href=\"https:\/\/twitter.com\/hashtag\/ValenciaGP?src=hash&amp;ref_src=twsrc%5Etfw\" rel=\"nofollow noopener\" target=\"_blank\">#ValenciaGP<\/a> ?? <a href=\"https:\/\/t.co\/zJc8IcjgxJ\" rel=\"nofollow\">pic.twitter.com\/zJc8IcjgxJ<\/a><\/p>\n<p>\u2014 MotoGP\u2122?? (@MotoGP) <a href=\"https:\/\/twitter.com\/MotoGP\/status\/1990095015637332443?ref_src=twsrc%5Etfw\" rel=\"nofollow noopener\" target=\"_blank\">November 16, 2025<\/a><\/p><\/blockquote>\n<p> &#13;<\/p>\n<p>Bagnaia chegou a estar entre os tr\u00eas primeiros do Mundial, no in\u00edcio do ano, mas o bicampe\u00e3o encerrou 2025 em quinto lugar, a 257 pontos <a href=\"https:\/\/www.publico.pt\/2025\/09\/28\/desporto\/noticia\/marquez-campeao-crime-21-testemunhas-2148822\" target=\"_blank\" rel=\"nofollow noopener\">do campe\u00e3o, Marc M\u00e1rquez<\/a>, concluindo a \u00e9poca com cinco abandonos seguidos.<\/p>\n<p>O campe\u00e3o de 2024, o espanhol Jorge Mart\u00edn, terminou uma \u00e9poca marcada por les\u00f5es \u00e0 15.\u00aa volta, por indica\u00e7\u00e3o da Aprilia, numa medida de precau\u00e7\u00e3o. Miguel Oliveira concluiu a prova a 19,304 segundos do vencedor, fechando o seu \u00faltimo Mundial no MotoGP na 20.\u00aa posi\u00e7\u00e3o, com 43 pontos.<\/p>\n<p>            <script async src=\"https:\/\/platform.twitter.com\/widgets.js\" charset=\"utf-8\"><\/script><\/p>\n","protected":false},"excerpt":{"rendered":"O piloto portugu\u00eas Miguel Oliveira encerrou neste domingo, no Grande Pr\u00e9mio da Comunidade Valenciana, o ciclo de sete&hellip;\n","protected":false},"author":2,"featured_media":154480,"comment_status":"","ping_status":"","sticky":false,"template":"","format":"standard","meta":{"footnotes":""},"categories":[87],"tags":[995,135,353,10167,4413,10166,32,33,134],"class_list":{"0":"post-154479","1":"post","2":"type-post","3":"status-publish","4":"format-standard","5":"has-post-thumbnail","7":"category-desporto","8":"tag-abre-conteudo","9":"tag-desporto","10":"tag-em-destaque","11":"tag-miguel-oliveira","12":"tag-motociclismo","13":"tag-motogp","14":"tag-portugal","15":"tag-pt","16":"tag-sports"},"share_on_mastodon":{"url":"https:\/\/pubeurope.com\/@pt\/115562297719358198","error":""},"_links":{"self":[{"href":"https:\/\/www.europesays.com\/pt\/wp-json\/wp\/v2\/posts\/154479","targetHints":{"allow":["GET"]}}],"collection":[{"href":"https:\/\/www.europesays.com\/pt\/wp-json\/wp\/v2\/posts"}],"about":[{"href":"https:\/\/www.europesays.com\/pt\/wp-json\/wp\/v2\/types\/post"}],"author":[{"embeddable":true,"href":"https:\/\/www.europesays.com\/pt\/wp-json\/wp\/v2\/users\/2"}],"replies":[{"embeddable":true,"href":"https:\/\/www.europesays.com\/pt\/wp-json\/wp\/v2\/comments?post=154479"}],"version-history":[{"count":0,"href":"https:\/\/www.europesays.com\/pt\/wp-json\/wp\/v2\/posts\/154479\/revisions"}],"wp:featuredmedia":[{"embeddable":true,"href":"https:\/\/www.europesays.com\/pt\/wp-json\/wp\/v2\/media\/154480"}],"wp:attachment":[{"href":"https:\/\/www.europesays.com\/pt\/wp-json\/wp\/v2\/media?parent=154479"}],"wp:term":[{"taxonomy":"category","embeddable":true,"href":"https:\/\/www.europesays.com\/pt\/wp-json\/wp\/v2\/categories?post=154479"},{"taxonomy":"post_tag","embeddable":true,"href":"https:\/\/www.europesays.com\/pt\/wp-json\/wp\/v2\/tags?post=154479"}],"curies":[{"name":"wp","href":"https:\/\/api.w.org\/{rel}","templated":true}]}}