{"id":154481,"date":"2025-11-17T00:51:11","date_gmt":"2025-11-17T00:51:11","guid":{"rendered":"https:\/\/www.europesays.com\/pt\/154481\/"},"modified":"2025-11-17T00:51:11","modified_gmt":"2025-11-17T00:51:11","slug":"vacina-contra-cancro-do-colo-do-utero-salvou-mais-de-um-milhao-nos-paises-pobres","status":"publish","type":"post","link":"https:\/\/www.europesays.com\/pt\/154481\/","title":{"rendered":"Vacina contra cancro do colo do \u00fatero salvou mais de um milh\u00e3o nos pa\u00edses pobres"},"content":{"rendered":"<p data-remotead-prev-elm=\"true\" data-remotead-elm-id=\"inread\">&#8220;Mais de um milh\u00e3o de mortes por cancro do colo do \u00fatero foram evitadas e cerca de 86 milh\u00f5es de raparigas est\u00e3o agora protegidas contra a principal causa deste cancro, gra\u00e7as a um esfor\u00e7o concertado de tr\u00eas anos liderado pela Gavi (&#8230;) e pelos pa\u00edses de baixo rendimento&#8221;, referiu a organiza\u00e7\u00e3o num comunicado.<\/p>\n<p>O an\u00fancio surge depois de a Gavi ter retomado o programa de vacina\u00e7\u00e3o contra o papilomav\u00edrus humano em 2023, destinada a proteger milh\u00f5es de jovens raparigas da principal causa do cancro do colo do \u00fatero.<\/p>\n<p>&#8220;Gra\u00e7as ao compromisso excecional dos pa\u00edses, dos parceiros, da sociedade civil e das comunidades, conseguimos atingir este objetivo mais cedo do que o previsto&#8221;, declarou Sania Nishtar, presidente desta organiza\u00e7\u00e3o internacional que se apoia em financiamentos p\u00fablicos e privados para vacinar crian\u00e7as nos pa\u00edses mais pobres.<\/p>\n<p data-remotead-prev-elm=\"true\" data-remotead-elm-id=\"centro1\">&#8220;Este esfor\u00e7o coletivo contribui para progressos globais significativos na elimina\u00e7\u00e3o de uma das doen\u00e7as mais mort\u00edferas para as mulheres&#8221;, pois ainda hoje &#8220;a cada dois minutos, uma mulher morre de cancro do colo do \u00fatero&#8221;, salientou.<\/p>\n<p>Este cancro afeta mais gravemente os pa\u00edses de baixo rendimento, que carecem de servi\u00e7os de rastreio e de acesso aos tratamentos, representando 90% das 350 mil mortes por cancro do colo do \u00fatero registados em 2022, segundo a Gavi.<\/p>\n<p>Com mais de 50 pa\u00edses a terem introduzido a vacina, com o apoio da Gavi, at\u00e9 ao final deste ano esta estar\u00e1 dispon\u00edvel em pa\u00edses que representam coletivamente 89% dos casos de cancro do colo do \u00fatero no mundo.<\/p>\n<p data-remotead-prev-elm=\"true\" data-remotead-elm-id=\"centro2\">A Gavi estima que os seus esfor\u00e7os ter\u00e3o permitido evitar um total de 1,4 milh\u00f5es de mortes.<\/p>\n<p>Em 2022, a Organiza\u00e7\u00e3o Mundial da Sa\u00fade (OMS) recomendou oficialmente um esquema de vacina\u00e7\u00e3o com dose \u00fanica contra o HPV (em vez das duas doses anteriormente), permitindo assim vacinar duas vezes mais meninas com os &#8220;stocks&#8221; de vacina existentes.<\/p>\n<p>Em Portugal, a vacina\u00e7\u00e3o do HPV faz parte do Programa Nacional de Vacina\u00e7\u00e3o (PNV), com indica\u00e7\u00f5es para ser administrada a raparigas com a idade de 10 anos e at\u00e9 \u00e0 v\u00e9spera de completarem os 18 anos, de modo a otimizar o grau de prote\u00e7\u00e3o, e desde 2020 passou a ser inclu\u00edda tamb\u00e9m para rapazes aos 10 anos, nascidos ap\u00f3s 1 de janeiro de 2009, para diminuir risco de desenvolver certo tipo de cancros e doen\u00e7as genitais provocadas por alguns tipos de HPV.<\/p>\n","protected":false},"excerpt":{"rendered":"&#8220;Mais de um milh\u00e3o de mortes por cancro do colo do \u00fatero foram evitadas e cerca de 86&hellip;\n","protected":false},"author":2,"featured_media":154482,"comment_status":"","ping_status":"","sticky":false,"template":"","format":"standard","meta":{"footnotes":""},"categories":[86],"tags":[33277,116,2623,62,32,33,117,2782],"class_list":{"0":"post-154481","1":"post","2":"type-post","3":"status-publish","4":"format-standard","5":"has-post-thumbnail","7":"category-saude","8":"tag-cancro-do-colo-do-utero","9":"tag-health","10":"tag-mulheres","11":"tag-mundo","12":"tag-portugal","13":"tag-pt","14":"tag-saude","15":"tag-vacinas"},"share_on_mastodon":{"url":"https:\/\/pubeurope.com\/@pt\/115562301582853843","error":""},"_links":{"self":[{"href":"https:\/\/www.europesays.com\/pt\/wp-json\/wp\/v2\/posts\/154481","targetHints":{"allow":["GET"]}}],"collection":[{"href":"https:\/\/www.europesays.com\/pt\/wp-json\/wp\/v2\/posts"}],"about":[{"href":"https:\/\/www.europesays.com\/pt\/wp-json\/wp\/v2\/types\/post"}],"author":[{"embeddable":true,"href":"https:\/\/www.europesays.com\/pt\/wp-json\/wp\/v2\/users\/2"}],"replies":[{"embeddable":true,"href":"https:\/\/www.europesays.com\/pt\/wp-json\/wp\/v2\/comments?post=154481"}],"version-history":[{"count":0,"href":"https:\/\/www.europesays.com\/pt\/wp-json\/wp\/v2\/posts\/154481\/revisions"}],"wp:featuredmedia":[{"embeddable":true,"href":"https:\/\/www.europesays.com\/pt\/wp-json\/wp\/v2\/media\/154482"}],"wp:attachment":[{"href":"https:\/\/www.europesays.com\/pt\/wp-json\/wp\/v2\/media?parent=154481"}],"wp:term":[{"taxonomy":"category","embeddable":true,"href":"https:\/\/www.europesays.com\/pt\/wp-json\/wp\/v2\/categories?post=154481"},{"taxonomy":"post_tag","embeddable":true,"href":"https:\/\/www.europesays.com\/pt\/wp-json\/wp\/v2\/tags?post=154481"}],"curies":[{"name":"wp","href":"https:\/\/api.w.org\/{rel}","templated":true}]}}