{"id":154489,"date":"2025-11-17T00:59:10","date_gmt":"2025-11-17T00:59:10","guid":{"rendered":"https:\/\/www.europesays.com\/pt\/154489\/"},"modified":"2025-11-17T00:59:10","modified_gmt":"2025-11-17T00:59:10","slug":"claudio-alegre-mostra-unhas-dos-pes-e-surpreende-fas-sempre-que-vou-viajar-e-esta-a-reacao","status":"publish","type":"post","link":"https:\/\/www.europesays.com\/pt\/154489\/","title":{"rendered":"Cl\u00e1udio Alegre mostra unhas dos p\u00e9s e surpreende f\u00e3s: &#8220;Sempre que vou viajar, \u00e9 esta a rea\u00e7\u00e3o&#8230;&#8221;"},"content":{"rendered":"<p>No Instagram, <a href=\"https:\/\/selfie.iol.pt\/famosos\/casa-dos-segredos\/cristiana-jesus-tem-ato-de-limite-com-o-filho-e-desabafa-a-verdade-assusta\/20251025\/68fcdb00d34e58bc67974dd0\" target=\"_blank\" rel=\"nofollow noopener\">Cl\u00e1udio Alegre<\/a> mostrou-se dispon\u00edvel para responder a algumas quest\u00f5es e curiosidades.<\/p>\n<p>&#8220;Por que motivo pintas as unhas dos p\u00e9s?&#8221;, quis saber, por exemplo, um seguidor do ex-concorrente de &#8220;<a href=\"https:\/\/tvi.iol.pt\/secretstory\/\" target=\"_blank\" rel=\"nofollow noopener\">Secret Story &#8211; Casa dos Segredos<\/a>&#8220;.<\/p>\n<p>Depois de exibir as unhas, e com o habitual sentido de humor, Cl\u00e1udio Alegre acabou por responder: &#8220;Porque, sempre que vou viajar, \u00e9 esta a rea\u00e7\u00e3o quando fa\u00e7o snorkelling.&#8221; A acompanhar esta mensagem, o bailarino partilhou um registo, no qual se v\u00ea alguns peixes com uma express\u00e3o de surpresa.<\/p>\n<p>Veja, agora, algumas das melhores imagens de Cl\u00e1udio Alegre nas galerias de fotografias que prepar\u00e1mos para si.<\/p>\n<p><img decoding=\"async\" alt=\"\" onclick=\"\" src=\"https:\/\/www.europesays.com\/pt\/wp-content\/uploads\/2025\/11\/1763341150_970_1024.png\" title=\"Cl\u00e1udio Alegre\"\/><\/p>\n","protected":false},"excerpt":{"rendered":"No Instagram, Cl\u00e1udio Alegre mostrou-se dispon\u00edvel para responder a algumas quest\u00f5es e curiosidades. &#8220;Por que motivo pintas as&hellip;\n","protected":false},"author":2,"featured_media":154490,"comment_status":"","ping_status":"","sticky":false,"template":"","format":"standard","meta":{"footnotes":""},"categories":[145],"tags":[2632,211,210,2682,114,115,980,1015,619,32,33,1014,1315,1012,162],"class_list":{"0":"post-154489","1":"post","2":"type-post","3":"status-publish","4":"format-standard","5":"has-post-thumbnail","7":"category-celebridades","8":"tag-casa-dos-segredos","9":"tag-celebridades","10":"tag-celebrities","11":"tag-claudio-alegre","12":"tag-entertainment","13":"tag-entretenimento","14":"tag-famosos","15":"tag-instagram","16":"tag-nacional","17":"tag-portugal","18":"tag-pt","19":"tag-reality-show","20":"tag-secret-story","21":"tag-selfie","22":"tag-tvi"},"share_on_mastodon":{"url":"https:\/\/pubeurope.com\/@pt\/115562333357181682","error":""},"_links":{"self":[{"href":"https:\/\/www.europesays.com\/pt\/wp-json\/wp\/v2\/posts\/154489","targetHints":{"allow":["GET"]}}],"collection":[{"href":"https:\/\/www.europesays.com\/pt\/wp-json\/wp\/v2\/posts"}],"about":[{"href":"https:\/\/www.europesays.com\/pt\/wp-json\/wp\/v2\/types\/post"}],"author":[{"embeddable":true,"href":"https:\/\/www.europesays.com\/pt\/wp-json\/wp\/v2\/users\/2"}],"replies":[{"embeddable":true,"href":"https:\/\/www.europesays.com\/pt\/wp-json\/wp\/v2\/comments?post=154489"}],"version-history":[{"count":0,"href":"https:\/\/www.europesays.com\/pt\/wp-json\/wp\/v2\/posts\/154489\/revisions"}],"wp:featuredmedia":[{"embeddable":true,"href":"https:\/\/www.europesays.com\/pt\/wp-json\/wp\/v2\/media\/154490"}],"wp:attachment":[{"href":"https:\/\/www.europesays.com\/pt\/wp-json\/wp\/v2\/media?parent=154489"}],"wp:term":[{"taxonomy":"category","embeddable":true,"href":"https:\/\/www.europesays.com\/pt\/wp-json\/wp\/v2\/categories?post=154489"},{"taxonomy":"post_tag","embeddable":true,"href":"https:\/\/www.europesays.com\/pt\/wp-json\/wp\/v2\/tags?post=154489"}],"curies":[{"name":"wp","href":"https:\/\/api.w.org\/{rel}","templated":true}]}}