{"id":154491,"date":"2025-11-17T01:02:18","date_gmt":"2025-11-17T01:02:18","guid":{"rendered":"https:\/\/www.europesays.com\/pt\/154491\/"},"modified":"2025-11-17T01:02:18","modified_gmt":"2025-11-17T01:02:18","slug":"arrepiante-cristina-ferreira-mostra-a-ultima-conversa-com-pessoa-especial-morreu-dias-depois-secret-story","status":"publish","type":"post","link":"https:\/\/www.europesays.com\/pt\/154491\/","title":{"rendered":"Arrepiante! Cristina Ferreira mostra \u00aba \u00faltima conversa\u00bb com pessoa especial: \u00abMorreu dias depois\u00bb &#8211; Secret Story"},"content":{"rendered":"<p><strong>Cristina Ferreira parou o Pa\u00eds ao partilhar um v\u00eddeo em que<\/strong>\u00a0<a href=\"https:\/\/tvi.iol.pt\/secretstory\/cristina-ferreira\/joao-monteiro\/cristina-ferreira-casou-com-joao-monteiro-novo-video-intimista-levanta-suspeitas\" rel=\"nofollow noopener\" target=\"_blank\">surge vestida de noiva, ao lado de Jo\u00e3o Monteiro. As imagens deixaram todos em \u00eaxtase<\/a>\u00a0e tudo fez parte da campanha\u00a0de lan\u00e7amento de dois perfumes, um feminino e outro masculino &#8211; &#8216;We&#8217; &#8211; da sua marca, &#8216;GIRA&#8217;.\u00a0<\/p>\n<p>A hist\u00f3ria que se segue est\u00e1 relacionada com isso mesmo e \u00e9 arrepiante. Cristina Ferreira partilhou este s\u00e1bado &#8211; um dia ap\u00f3s o lan\u00e7amento dos perfumes &#8211; \u00aba \u00faltima conversa\u00bb que teve com o designer da &#8216;GIRA&#8217;, que faleceu no passado m\u00eas de outubro.\u00a0<\/p>\n<p><img loading=\"lazy\" decoding=\"async\" alt=\"\" height=\"924\" src=\"https:\/\/www.europesays.com\/pt\/wp-content\/uploads\/2025\/11\/691a1d42d34e2bd5c6d411ee.webp\" width=\"500\"\/><\/p>\n<p>Na mensagem, Cristina Ferreira dava conta a Pedro Leit\u00e3o da ideia que tinha tido para o lan\u00e7amento dos perfumes: simular <a href=\"https:\/\/tvi.iol.pt\/secretstory\/cristina-ferreira\/joao-monteiro\/alianca-no-dedo-buque-e-olhares-cumplices-as-imagens-unicas-do-casamento-de-cristina-ferreira-e-joao-monteiro\" rel=\"nofollow noopener\" target=\"_blank\">um casamento, com tudo a que tinha direito<\/a>, inclusive os convites para o grande dia.\u00a0<\/p>\n<p>Na legenda da imagem, a diretora de entretenimento e fic\u00e7\u00e3o da TVI escreveu: \u00abOntem, quando tirava a fotografia com a equipa, senti a presen\u00e7a dele. O Pedro Leit\u00e3o era o \u00fanico homem da GIRA, designer, criou toda a imagem da marca\u00bb.\u00a0<\/p>\n<p>\u00abEm julho mandei-lhe mensagem, a um domingo, s\u00f3 para partilhar uma ideia. Fic\u00e1mos a sonhar. Morreu dias depois. Foi o primeiro a saber deste \u2018casamento\u2019. E ontem estava l\u00e1. Estar\u00e1 sempre\u00bb, rematou Cristina Ferreira na mesma partilha.\u00a0<\/p>\n<p>Percorra a galeria de fotografias que prepar\u00e1mos para si com as melhores imagens do <a href=\"https:\/\/tvi.iol.pt\/secretstory\/fotos\/cristina-ferreira-abre-o-album-do-casamento-com-joao-monteiro-e-as-fotos-estao-a-encantar-portugal\/6918d857d34e3caad84b55f5\" rel=\"nofollow noopener\" target=\"_blank\">&#8216;casamento&#8217; de Cristina Ferreira com Jo\u00e3o Monteiro.\u00a0<\/a><\/p>\n","protected":false},"excerpt":{"rendered":"Cristina Ferreira parou o Pa\u00eds ao partilhar um v\u00eddeo em que\u00a0surge vestida de noiva, ao lado de Jo\u00e3o&hellip;\n","protected":false},"author":2,"featured_media":134903,"comment_status":"","ping_status":"","sticky":false,"template":"","format":"standard","meta":{"footnotes":""},"categories":[142],"tags":[18706,166,114,115,18705,1495,32,33,151,18704],"class_list":{"0":"post-154491","1":"post","2":"type-post","3":"status-publish","4":"format-standard","5":"has-post-thumbnail","7":"category-tv","8":"tag-bastidores-secret-story","9":"tag-cristina-ferreira","10":"tag-entertainment","11":"tag-entretenimento","12":"tag-entrevistas-concorrentes-tvi","13":"tag-pedro-leitao","14":"tag-portugal","15":"tag-pt","16":"tag-tv","17":"tag-vida-fora-da-casa"},"share_on_mastodon":{"url":"https:\/\/pubeurope.com\/@pt\/115562345139041665","error":""},"_links":{"self":[{"href":"https:\/\/www.europesays.com\/pt\/wp-json\/wp\/v2\/posts\/154491","targetHints":{"allow":["GET"]}}],"collection":[{"href":"https:\/\/www.europesays.com\/pt\/wp-json\/wp\/v2\/posts"}],"about":[{"href":"https:\/\/www.europesays.com\/pt\/wp-json\/wp\/v2\/types\/post"}],"author":[{"embeddable":true,"href":"https:\/\/www.europesays.com\/pt\/wp-json\/wp\/v2\/users\/2"}],"replies":[{"embeddable":true,"href":"https:\/\/www.europesays.com\/pt\/wp-json\/wp\/v2\/comments?post=154491"}],"version-history":[{"count":0,"href":"https:\/\/www.europesays.com\/pt\/wp-json\/wp\/v2\/posts\/154491\/revisions"}],"wp:featuredmedia":[{"embeddable":true,"href":"https:\/\/www.europesays.com\/pt\/wp-json\/wp\/v2\/media\/134903"}],"wp:attachment":[{"href":"https:\/\/www.europesays.com\/pt\/wp-json\/wp\/v2\/media?parent=154491"}],"wp:term":[{"taxonomy":"category","embeddable":true,"href":"https:\/\/www.europesays.com\/pt\/wp-json\/wp\/v2\/categories?post=154491"},{"taxonomy":"post_tag","embeddable":true,"href":"https:\/\/www.europesays.com\/pt\/wp-json\/wp\/v2\/tags?post=154491"}],"curies":[{"name":"wp","href":"https:\/\/api.w.org\/{rel}","templated":true}]}}