{"id":154496,"date":"2025-11-17T01:06:07","date_gmt":"2025-11-17T01:06:07","guid":{"rendered":"https:\/\/www.europesays.com\/pt\/154496\/"},"modified":"2025-11-17T01:06:07","modified_gmt":"2025-11-17T01:06:07","slug":"se-voce-passa-horas-em-ambientes-fechados-isso-pode-te-afetar-de-maneira-intensa","status":"publish","type":"post","link":"https:\/\/www.europesays.com\/pt\/154496\/","title":{"rendered":"Se voc\u00ea passa horas em ambientes fechados, isso pode te afetar de maneira intensa"},"content":{"rendered":"<p>Ficar confinado em ambientes fechados (escrit\u00f3rios, casa) \u00e9 uma caracter\u00edstica da vida moderna. No entanto, essa falta de exposi\u00e7\u00e3o ao ambiente externo, especialmente \u00e0 luz solar, pode desregular neurotransmissores vitais, levando a uma queda no humor, aumento da apatia e fadiga cr\u00f4nica.<\/p>\n<p>\t\t\t    Como a falta de luz solar afeta a qu\u00edmica do c\u00e9rebro?    <\/p>\n<p>A luz solar \u00e9 o principal gatilho para a produ\u00e7\u00e3o de <strong>serotonina<\/strong>, o neurotransmissor do bem-estar. A luz (especialmente matinal) que atinge a retina sinaliza ao c\u00e9rebro para regular o humor.<\/p>\n<p>Sem esse est\u00edmulo luminoso, a produ\u00e7\u00e3o de serotonina cai, o que<strong> <a href=\"https:\/\/www.health.harvard.edu\/depression\/seasonal-affective-disorder-overview\" target=\"_blank\" rel=\"noreferrer noopener nofollow\">est\u00e1 diretamente ligado (Harvard Health<\/a><a href=\"https:\/\/www.google.com\/search?q=https:\/\/www.health.harvard.edu\/mind-and-mood\/seasonal-affective-disorder-sad-why-do-we-get-it-and-what-can-we-do-about-it\" target=\"_blank\" rel=\"noreferrer noopener nofollow\">)<\/a><\/strong> ao <strong>Transtorno Afetivo Sazonal (SAD)<\/strong> e a sentimentos de depress\u00e3o e letargia.<\/p>\n<p>    <img loading=\"lazy\" decoding=\"async\" width=\"1024\" height=\"576\" alt=\"Se voc\u00ea passa horas em ambientes fechados, isso pode afetar seu humor de maneira intensa\" class=\"wp-image-647764 img-fluid lazy\" src=\"https:\/\/www.europesays.com\/pt\/wp-content\/uploads\/2025\/11\/tristeza_1763207544254-1024x576.jpg\"  \/>Influ\u00eancias de longos per\u00edodos em ambientes fechados sobre o equil\u00edbrio do humor \u2013 Cr\u00e9ditos: depositphotos.com \/ VitalikRadko     A defici\u00eancia de Vitamina D est\u00e1 ligada \u00e0 depress\u00e3o?    <\/p>\n<p>O sol \u00e9 a principal fonte de <strong>Vitamina D<\/strong>, que \u00e9 produzida na pele. Esta vitamina atua como um horm\u00f4nio no corpo, e seus receptores s\u00e3o encontrados em \u00e1reas do c\u00e9rebro ligadas \u00e0 depress\u00e3o.<\/p>\n<p><a href=\"https:\/\/www.ncbi.nlm.nih.gov\/pmc\/articles\/PMC6970300\/\" target=\"_blank\" rel=\"noreferrer noopener nofollow\">Estudos do<strong> NIH (EUA)<\/strong><\/a> mostram uma forte correla\u00e7\u00e3o entre n\u00edveis baixos de Vitamina D e um risco aumentado de baixo astral, fadiga cr\u00f4nica e sintomas depressivos, pois ela \u00e9 vital para a sa\u00fade neural.<\/p>\n<p>No v\u00eddeo a seguir, a <strong>Dra. Bruna Scalco<\/strong> explica a import\u00e2ncia da vitamina D:<\/p>\n<blockquote class=\"instagram-media\" data-instgrm-captioned=\"\" data-instgrm-permalink=\"https:\/\/www.instagram.com\/reel\/DAOUx53ytCo\/?utm_source=ig_embed&amp;utm_campaign=loading\" data-instgrm-version=\"14\" style=\" background:#FFF; border:0; border-radius:3px; box-shadow:0 0 1px 0 rgba(0,0,0,0.5),0 1px 10px 0 rgba(0,0,0,0.15); margin: 1px; max-width:540px; min-width:326px; padding:0; width:99.375%; width:-webkit-calc(100% - 2px); width:calc(100% - 2px);\"\/><p>     O ambiente fechado desregula o rel\u00f3gio biol\u00f3gico?    <\/p>\n<p>Ambientes fechados nos exp\u00f5em a luz artificial constante, o que \u201cconfunde\u201d o <strong>ritmo circadiano<\/strong> (rel\u00f3gio biol\u00f3gico). Isso pode suprimir a <strong>melatonina<\/strong> (horm\u00f4nio do sono) \u00e0 noite.<\/p>\n<p>Um sono de m\u00e1 qualidade (causado pela luz errada) eleva o <strong>cortisol<\/strong> (estresse) no dia seguinte, prejudicando a regula\u00e7\u00e3o emocional e aumentando a irritabilidade e a fadiga.<\/p>\n<p>    O que \u00e9 a \u201cfebre da cabana\u201d (cabin fever)?    <\/p>\n<p>Psicologicamente, o confinamento (falta de est\u00edmulo e ar fresco) leva \u00e0 \u201cfebre da cabana\u201d. Isso se manifesta como inquieta\u00e7\u00e3o, t\u00e9dio, irritabilidade e uma sensa\u00e7\u00e3o de estar \u201cpreso\u201d.<\/p>\n<p>A falta de movimento e a monotonia visual do ambiente fechado contribuem para a apatia e a falta de motiva\u00e7\u00e3o, impactando negativamente o estado emocional geral.<\/p>\n<p>\t\t\t    Quais estrat\u00e9gias combatem o efeito do confinamento?    <\/p>\n<p>A <a href=\"https:\/\/www.who.int\/news-room\/fact-sheets\/detail\/mental-health-strengthening-our-response\" target=\"_blank\" rel=\"noreferrer noopener nofollow\"><strong>Organiza\u00e7\u00e3o Mundial da Sa\u00fade (OMS)<\/strong><\/a> destaca que o ambiente impacta a sa\u00fade mental. A chave \u00e9 \u201ctrazer o exterior para dentro\u201d e for\u00e7ar pausas para exposi\u00e7\u00e3o solar.<\/p>\n<p>Para combater a queda de humor causada pelo confinamento, \u00e9 crucial adotar pequenos h\u00e1bitos que reponham os est\u00edmulos naturais que o corpo precisa:<\/p>\n<ul class=\"wp-block-list\">\n<li><strong>Pausas de Sol:<\/strong> Tente fazer pausas de 10-15 minutos ao ar livre, expondo-se \u00e0 luz solar (sem \u00f3culos escuros, se poss\u00edvel) pela manh\u00e3.<\/li>\n<li><strong>Posicione-se perto da janela:<\/strong> Trabalhar perto de uma janela com luz natural ajuda a regular o ritmo circadiano.<\/li>\n<li><strong>Traga a natureza para dentro:<\/strong> Manter plantas em casa pode melhorar o humor e a qualidade do ar.<\/li>\n<li><strong>Movimente-se:<\/strong> Levante-se regularmente; o exerc\u00edcio f\u00edsico (mesmo leve) libera endorfinas que combatem o baixo astral.<\/li>\n<\/ul>\n<p>\t\t\t\t\t\t\t\t\t\t\t\t\t\t\t\t\t\t<a id=\"google-news\" class=\"google-news\" href=\"https:\/\/news.google.com\/publications\/CAAqBwgKMOHtoAsw-fe4Aw?hl=pt-BR&amp;amp;gl=BR&amp;amp;ceid=BR%3Apt-419\" target=\"_blank\" rel=\"nofollow noopener\"><\/p>\n<p>\t\t\t\t\t\t\t\t\t\tSiga a gente no Google Not\u00edcias<\/p>\n<p>\t\t\t\t\t\t\t\t<\/a><br \/>\n\t\t\t\t\t\t\t\t\t\t\t\t\t<script async src=\"\/\/www.instagram.com\/embed.js\"><\/script><\/p>\n","protected":false},"excerpt":{"rendered":"Ficar confinado em ambientes fechados (escrit\u00f3rios, casa) \u00e9 uma caracter\u00edstica da vida moderna. No entanto, essa falta de&hellip;\n","protected":false},"author":2,"featured_media":154497,"comment_status":"","ping_status":"","sticky":false,"template":"","format":"standard","meta":{"footnotes":""},"categories":[86],"tags":[116,8736,32,33,22056,117],"class_list":{"0":"post-154496","1":"post","2":"type-post","3":"status-publish","4":"format-standard","5":"has-post-thumbnail","7":"category-saude","8":"tag-health","9":"tag-mente","10":"tag-portugal","11":"tag-pt","12":"tag-quarto","13":"tag-saude"},"share_on_mastodon":{"url":"https:\/\/pubeurope.com\/@pt\/115562360704760306","error":""},"_links":{"self":[{"href":"https:\/\/www.europesays.com\/pt\/wp-json\/wp\/v2\/posts\/154496","targetHints":{"allow":["GET"]}}],"collection":[{"href":"https:\/\/www.europesays.com\/pt\/wp-json\/wp\/v2\/posts"}],"about":[{"href":"https:\/\/www.europesays.com\/pt\/wp-json\/wp\/v2\/types\/post"}],"author":[{"embeddable":true,"href":"https:\/\/www.europesays.com\/pt\/wp-json\/wp\/v2\/users\/2"}],"replies":[{"embeddable":true,"href":"https:\/\/www.europesays.com\/pt\/wp-json\/wp\/v2\/comments?post=154496"}],"version-history":[{"count":0,"href":"https:\/\/www.europesays.com\/pt\/wp-json\/wp\/v2\/posts\/154496\/revisions"}],"wp:featuredmedia":[{"embeddable":true,"href":"https:\/\/www.europesays.com\/pt\/wp-json\/wp\/v2\/media\/154497"}],"wp:attachment":[{"href":"https:\/\/www.europesays.com\/pt\/wp-json\/wp\/v2\/media?parent=154496"}],"wp:term":[{"taxonomy":"category","embeddable":true,"href":"https:\/\/www.europesays.com\/pt\/wp-json\/wp\/v2\/categories?post=154496"},{"taxonomy":"post_tag","embeddable":true,"href":"https:\/\/www.europesays.com\/pt\/wp-json\/wp\/v2\/tags?post=154496"}],"curies":[{"name":"wp","href":"https:\/\/api.w.org\/{rel}","templated":true}]}}