{"id":154498,"date":"2025-11-17T01:08:16","date_gmt":"2025-11-17T01:08:16","guid":{"rendered":"https:\/\/www.europesays.com\/pt\/154498\/"},"modified":"2025-11-17T01:08:16","modified_gmt":"2025-11-17T01:08:16","slug":"chuva-de-meteoros-sera-visivel-na-madrugada-desta-segunda-feira","status":"publish","type":"post","link":"https:\/\/www.europesays.com\/pt\/154498\/","title":{"rendered":"Chuva de meteoros ser\u00e1 vis\u00edvel na madrugada desta segunda-feira"},"content":{"rendered":"<p>                            <img width=\"944\" height=\"531\" src=\"https:\/\/www.europesays.com\/pt\/wp-content\/uploads\/2025\/11\/Chuva-de-meteoros-Orionideas-944x531.jpg\" class=\"attachment-custom-large size-custom-large article-featured-image\" alt=\"Chuva de meteoros Orion\u00eddeas\" fetchpriority=\"high\" decoding=\"async\"  \/><\/p>\n<p>Chuva de meteoros Le\u00f4nida ter\u00e1 o pico de atividade nesta madrugada (Foto: banco de imagens)<\/p>\n<p>A madrugada deste domingo para segunda-feira (de 16 para 17 de novembro) ser\u00e1 de mais um show astron\u00f4mico. A Chuva de meteoros Le\u00f4nidas vai iluminar o c\u00e9u noturno, e o evento pode ser visto a olho nu de qualquer lugar do Brasil \u2013 desde que as condi\u00e7\u00f5es meteorol\u00f3gicas permitam.<\/p>\n<p>Assim como as outras chuvas de meteoros recentes, a Le\u00f4nidas tamb\u00e9m \u00e9 um evento anual, sendo causada por detritos do cometa 55P\/Tempel-Tuttle, que passa pelo Sol a cada 33 anos. Para observar o fen\u00f4meno, \u00e9 fundamental estar em um lugar afastado das luzes da cidade e tamb\u00e9m que o c\u00e9u esteja limpo, sem nuvens.<\/p>\n<p>Continua depois da publicidade<\/p>\n<p>O pico de atividade deve ocorrer a partir das 3h da manh\u00e3 e, at\u00e9 momentos antes do nascer do Sol, vai ser poss\u00edvel ver entre 10 e 15 meteoros cruzando o c\u00e9u noturno. A fase da Lua (crescente), contribui para a visualiza\u00e7\u00e3o, j\u00e1 que n\u00e3o estar\u00e1 com brilho suficiente para ofuscar os meteoros.<\/p>\n<p>1<\/p>\n<p>VoltarAvan\u00e7ar<\/p>\n<p><img loading=\"lazy\" decoding=\"async\" width=\"1200\" height=\"675\" data-id=\"7713412\" src=\"https:\/\/www.europesays.com\/pt\/wp-content\/uploads\/2025\/11\/Padrao-fotos-NSC-2-5.jpg\" alt=\"\" class=\"wp-image-7713412\"  \/><\/p>\n<p>Meteoros Leon\u00eddeos s\u00e3o causados por detritos de um cometa (Foto: banco de imagens)<\/p>\n<p><img loading=\"lazy\" decoding=\"async\" width=\"1200\" height=\"675\" data-id=\"7713411\" src=\"https:\/\/www.europesays.com\/pt\/wp-content\/uploads\/2025\/11\/Padrao-fotos-NSC-4-3.jpg\" alt=\"\" class=\"wp-image-7713411\"  \/><\/p>\n<p>Alguns meteoros podem ser vis\u00edveis momentos antes do nascer do Sol (Foto: banco de imagens)<\/p>\n<p><img loading=\"lazy\" decoding=\"async\" width=\"1200\" height=\"675\" data-id=\"7713413\" src=\"https:\/\/www.europesays.com\/pt\/wp-content\/uploads\/2025\/11\/1763341693_386_Padrao-fotos-NSC-5-3.jpg\" alt=\"\" class=\"wp-image-7713413\"  \/><\/p>\n<p>Local escuro, longe das luzes da cidade e com o horizonte limpo \u00e9 o ideal para a observa\u00e7\u00e3o (Foto: banco de imagens)<\/p>\n<p><img loading=\"lazy\" decoding=\"async\" width=\"1200\" height=\"675\" data-id=\"7696365\" src=\"https:\/\/www.europesays.com\/pt\/wp-content\/uploads\/2025\/11\/Padrao-fotos-NSC-19.jpg\" alt=\"\" class=\"wp-image-7696365\"  \/><\/p>\n<p>Ser\u00e1 a terceira chuva de meteoros vis\u00edvel somente no m\u00eas de novembro (Foto: banco de imagens)<\/p>\n<p><img loading=\"lazy\" decoding=\"async\" width=\"1200\" height=\"675\" data-id=\"7696434\" src=\"https:\/\/www.europesays.com\/pt\/wp-content\/uploads\/2025\/11\/Chuva-de-meteoros-Orionideas.jpg\" alt=\"Chuva de meteoros Orion\u00eddeas\" class=\"wp-image-7696434\"  \/><\/p>\n<p>Fen\u00f4meno pode ser visto a olho nu (Foto: James McCue, Observat\u00f3rio Nacional)<\/p>\n<p>Como observar a chuva de meteoros<\/p>\n<p>O ideal \u00e9 procurar um local isolado e escuro, longe das luzes das grandes cidades, que ofuscam o brilho das estrelas. \u00c9 importante tamb\u00e9m que o horizonte esteja limpo, sem interfer\u00eancia de constru\u00e7\u00f5es e vegeta\u00e7\u00e3o \u2013 alguns meteoros podem aparecer baixos no c\u00e9u.<\/p>\n<p>A recomenda\u00e7\u00e3o \u00e9 fazer a observa\u00e7\u00e3o a olho nu. Equipamentos \u00f3pticos como o telesc\u00f3pio possibilitam detectar mais detalhes mas, ao mesmo tempo, limitam o campo de vis\u00e3o, o que pode impedir de avistar algumas das bolas de fogo que surjam no c\u00e9u.<\/p>\n<p>Uma outra dica \u00e9 levar cadeiras reclin\u00e1veis, mantas ou qualquer outro item que permita uma observa\u00e7\u00e3o confort\u00e1vel. Tamb\u00e9m \u00e9 importante chegar ao local escolhido com cerca de 30 minutos de anteced\u00eancia para que os olhos se habituem ao escuro.<\/p>\n<p>Continua depois da publicidade<\/p>\n<p>Chegando no local, procure olhar na dire\u00e7\u00e3o da constela\u00e7\u00e3o de Le\u00e3o, que \u00e9 de onde devem surgir a maioria dos meteoros, na mesma dire\u00e7\u00e3o do nascer do Sol. Aplicativos de astronomia como Stellarium e o Sky Tonight ajudam na identifica\u00e7\u00e3o e localiza\u00e7\u00e3o das constela\u00e7\u00f5es.<\/p>\n","protected":false},"excerpt":{"rendered":"Chuva de meteoros Le\u00f4nida ter\u00e1 o pico de atividade nesta madrugada (Foto: banco de imagens) A madrugada deste&hellip;\n","protected":false},"author":2,"featured_media":154499,"comment_status":"","ping_status":"","sticky":false,"template":"","format":"standard","meta":{"footnotes":""},"categories":[84],"tags":[109,107,108,829,32,33,105,103,104,106,110],"class_list":{"0":"post-154498","1":"post","2":"type-post","3":"status-publish","4":"format-standard","5":"has-post-thumbnail","7":"category-ciencia-e-tecnologia","8":"tag-ciencia","9":"tag-ciencia-e-tecnologia","10":"tag-cienciaetecnologia","11":"tag-conteudo-liberado","12":"tag-portugal","13":"tag-pt","14":"tag-science","15":"tag-science-and-technology","16":"tag-scienceandtechnology","17":"tag-technology","18":"tag-tecnologia"},"share_on_mastodon":{"url":"https:\/\/pubeurope.com\/@pt\/115562368716102505","error":""},"_links":{"self":[{"href":"https:\/\/www.europesays.com\/pt\/wp-json\/wp\/v2\/posts\/154498","targetHints":{"allow":["GET"]}}],"collection":[{"href":"https:\/\/www.europesays.com\/pt\/wp-json\/wp\/v2\/posts"}],"about":[{"href":"https:\/\/www.europesays.com\/pt\/wp-json\/wp\/v2\/types\/post"}],"author":[{"embeddable":true,"href":"https:\/\/www.europesays.com\/pt\/wp-json\/wp\/v2\/users\/2"}],"replies":[{"embeddable":true,"href":"https:\/\/www.europesays.com\/pt\/wp-json\/wp\/v2\/comments?post=154498"}],"version-history":[{"count":0,"href":"https:\/\/www.europesays.com\/pt\/wp-json\/wp\/v2\/posts\/154498\/revisions"}],"wp:featuredmedia":[{"embeddable":true,"href":"https:\/\/www.europesays.com\/pt\/wp-json\/wp\/v2\/media\/154499"}],"wp:attachment":[{"href":"https:\/\/www.europesays.com\/pt\/wp-json\/wp\/v2\/media?parent=154498"}],"wp:term":[{"taxonomy":"category","embeddable":true,"href":"https:\/\/www.europesays.com\/pt\/wp-json\/wp\/v2\/categories?post=154498"},{"taxonomy":"post_tag","embeddable":true,"href":"https:\/\/www.europesays.com\/pt\/wp-json\/wp\/v2\/tags?post=154498"}],"curies":[{"name":"wp","href":"https:\/\/api.w.org\/{rel}","templated":true}]}}