{"id":154502,"date":"2025-11-17T01:11:10","date_gmt":"2025-11-17T01:11:10","guid":{"rendered":"https:\/\/www.europesays.com\/pt\/154502\/"},"modified":"2025-11-17T01:11:10","modified_gmt":"2025-11-17T01:11:10","slug":"entre-a-saudade-e-o-negocio-como-os-portugueses-continuam-a-vender-portugal-alem-fronteiras","status":"publish","type":"post","link":"https:\/\/www.europesays.com\/pt\/154502\/","title":{"rendered":"Entre a saudade e o neg\u00f3cio: como os portugueses continuam a vender Portugal al\u00e9m-fronteiras"},"content":{"rendered":"<p>De Lyon a Newark, passando por Amesterd\u00e3o, h\u00e1 portugueses que transformaram a saudade em neg\u00f3cio e a identidade em marca. Entre o com\u00e9rcio de vinhos, bacalhau e past\u00e9is de nata, continuam a levar o sabor e o nome de Portugal l\u00e1 fora. Tr\u00eas hist\u00f3rias de quem se reinventou entre crises, mudan\u00e7as culturais e novos p\u00fablicos, mas sem nunca perder o tempero das origens.<\/p>\n","protected":false},"excerpt":{"rendered":"De Lyon a Newark, passando por Amesterd\u00e3o, h\u00e1 portugueses que transformaram a saudade em neg\u00f3cio e a identidade&hellip;\n","protected":false},"author":2,"featured_media":154503,"comment_status":"","ping_status":"","sticky":false,"template":"","format":"standard","meta":{"footnotes":""},"categories":[10],"tags":[27,28,11206,413,15,16,208,14,33280,25,26,21,22,62,12,13,19,20,3914,32,23,24,33,17,18,29,30,31],"class_list":{"0":"post-154502","1":"post","2":"type-post","3":"status-publish","4":"format-standard","5":"has-post-thumbnail","7":"category-portugal","8":"tag-breaking-news","9":"tag-breakingnews","10":"tag-emigrantes","11":"tag-eua","12":"tag-featured-news","13":"tag-featurednews","14":"tag-franca","15":"tag-headlines","16":"tag-jn-comunidades","17":"tag-latest-news","18":"tag-latestnews","19":"tag-main-news","20":"tag-mainnews","21":"tag-mundo","22":"tag-news","23":"tag-noticias","24":"tag-noticias-principais","25":"tag-noticiasprincipais","26":"tag-paises-baixos","27":"tag-portugal","28":"tag-principais-noticias","29":"tag-principaisnoticias","30":"tag-pt","31":"tag-top-stories","32":"tag-topstories","33":"tag-ultimas","34":"tag-ultimas-noticias","35":"tag-ultimasnoticias"},"share_on_mastodon":{"url":"https:\/\/pubeurope.com\/@pt\/115562380226749492","error":""},"_links":{"self":[{"href":"https:\/\/www.europesays.com\/pt\/wp-json\/wp\/v2\/posts\/154502","targetHints":{"allow":["GET"]}}],"collection":[{"href":"https:\/\/www.europesays.com\/pt\/wp-json\/wp\/v2\/posts"}],"about":[{"href":"https:\/\/www.europesays.com\/pt\/wp-json\/wp\/v2\/types\/post"}],"author":[{"embeddable":true,"href":"https:\/\/www.europesays.com\/pt\/wp-json\/wp\/v2\/users\/2"}],"replies":[{"embeddable":true,"href":"https:\/\/www.europesays.com\/pt\/wp-json\/wp\/v2\/comments?post=154502"}],"version-history":[{"count":0,"href":"https:\/\/www.europesays.com\/pt\/wp-json\/wp\/v2\/posts\/154502\/revisions"}],"wp:featuredmedia":[{"embeddable":true,"href":"https:\/\/www.europesays.com\/pt\/wp-json\/wp\/v2\/media\/154503"}],"wp:attachment":[{"href":"https:\/\/www.europesays.com\/pt\/wp-json\/wp\/v2\/media?parent=154502"}],"wp:term":[{"taxonomy":"category","embeddable":true,"href":"https:\/\/www.europesays.com\/pt\/wp-json\/wp\/v2\/categories?post=154502"},{"taxonomy":"post_tag","embeddable":true,"href":"https:\/\/www.europesays.com\/pt\/wp-json\/wp\/v2\/tags?post=154502"}],"curies":[{"name":"wp","href":"https:\/\/api.w.org\/{rel}","templated":true}]}}