{"id":154504,"date":"2025-11-17T01:13:19","date_gmt":"2025-11-17T01:13:19","guid":{"rendered":"https:\/\/www.europesays.com\/pt\/154504\/"},"modified":"2025-11-17T01:13:19","modified_gmt":"2025-11-17T01:13:19","slug":"filha-de-neymar-jr-helena-surge-descabelada-ao-acordar-leao","status":"publish","type":"post","link":"https:\/\/www.europesays.com\/pt\/154504\/","title":{"rendered":"Filha de Neymar Jr, Helena surge descabelada ao acordar: \u2018Le\u00e3o&#8217;"},"content":{"rendered":"<p>O jogador de futebol <a href=\"https:\/\/caras.com.br\/tags\/neymar\" rel=\"nofollow noopener\" target=\"_blank\"><strong>Neymar<\/strong><\/a> e a modelo <a href=\"https:\/\/caras.com.br\/tags\/amanda-kimberlly\" rel=\"nofollow noopener\" target=\"_blank\"><strong>Amanda Kimberlly<\/strong><\/a> explodiram o fofur\u00f4metro das redes sociais ao mostrarem novas fotos da filha, <a href=\"https:\/\/caras.com.br\/tags\/helena\" rel=\"nofollow noopener\" target=\"_blank\"><strong>Helena<\/strong><\/a>, de 1 ano. Os dois compartilharam fotos da menina descabelada logo depois de acordar.<\/p>\n<p>Nas imagens, a pequena Helena encantou os f\u00e3s dos pais ao mostrar que tem o cabelo cacheado e volumoso. Ela esbanjou um sorris\u00e3o ao ser fotografada com o seu visual depois de despertar.<\/p>\n<p>Na legenda do post, a m\u00e3e disse: \u201cBom dia do le\u00e3o\u201d.<\/p>\n<p>Vale lembrar que Helena mora com a m\u00e3e na Grande S\u00e3o Paulo e visita o pai. Ela \u00e9 fruto de um r\u00e1pido relacionamento do atleta com a modelo logo depois do nascimento de <strong>Mavie<\/strong>, de 1 ano, fruto do casamento dele com <strong>Bruna Biancardi<\/strong>, e enquanto estava separado da amada.<\/p>\n<p>\t <img loading=\"lazy\" decoding=\"async\" class=\"wp-image-1032047 size-full img-fluid lazy\" alt=\"Helena, filha de Neymar Jr e Amanda Kimberlly - Foto: Reprodu\u00e7\u00e3o \/ Instagram\" width=\"1080\" height=\"1920\" src=\"https:\/\/www.europesays.com\/pt\/wp-content\/uploads\/2025\/11\/helena-filha-de-neymar-e-amanda-1.jpg\"  \/>Helena, filha de Neymar Jr e Amanda Kimberlly \u2013 Foto: Reprodu\u00e7\u00e3o \/ Instagram <img loading=\"lazy\" decoding=\"async\" class=\"wp-image-1032048 size-full img-fluid lazy\" alt=\"Helena, filha de Neymar Jr e Amanda Kimberlly - Foto: Reprodu\u00e7\u00e3o \/ Instagram\" width=\"1080\" height=\"1920\" src=\"https:\/\/www.europesays.com\/pt\/wp-content\/uploads\/2025\/11\/helena-filha-de-neymar-e-amanda-2.jpg\"  \/>Helena, filha de Neymar Jr e Amanda Kimberlly \u2013 Foto: Reprodu\u00e7\u00e3o \/ Instagram Voc\u00ea sabia? Helena passou por cirurgia na m\u00e3o <\/p>\n<p>H\u00e1 poucas semanas, a pequena Helena, filha de Neymar Jr e Amanda Kimberlly, precisou passar por uma cirurgia de emerg\u00eancia ap\u00f3s um acidente dom\u00e9stico. Ela prendeu o dedo na porta, sofreu um corte profundo e uma fratura exposta. Nas redes sociais, <a href=\"https:\/\/caras.com.br\/bem-estar\/mae-de-helena-filha-de-neymar-jr-explica-acidente-da-herdeira-fratura-exposta.phtml\" rel=\"nofollow noopener\" target=\"_blank\">a m\u00e3e dela contou os detalhes do que aconteceu<\/a>.<\/p>\n<p>\u201cEsperei o retorno para explicar a voc\u00eas o que aconteceu com o dedinho da Helena. Sexta-feira retrasada est\u00e1vamos brincando de nos maquiar no banheiro, e, quando a Helena foi para o closet se ver no espelho, ela empurrou uma porta que pegou v\u00e1cuo com o vento e voltou com tudo, partindo o dedo dela em 90% no meio\u2026 Gente, n\u00e3o sei explicar para voc\u00eas o meu desespero e o dela ao ver o dedo pendurado por um fio de pele. Eu n\u00e3o sei quem chorava e gritava mais aqui em casa\u201d, disse ela.<\/p>\n<p>E completou: \u201cEla teve uma fratura exposta. Fomos para o hospital mais pr\u00f3ximo e, depois, nos transferiram para outro, onde foi feita a cirurgia. Gra\u00e7as a Deus, ocorreu tudo bem: o ligamento do dedo foi feito, e ele est\u00e1 no lugar, reagindo bem aos medicamentos. Escrevo este relato para esclarecer a voc\u00eas que perguntaram o que houve e tamb\u00e9m como um alerta: situa\u00e7\u00f5es assim podem acontecer at\u00e9 com n\u00f3s, adultos, prender o dedo em algum lugar \u00e9 mais comum do que parece. Durante esse per\u00edodo de recupera\u00e7\u00e3o, ela n\u00e3o sentiu e isso me confortou muito!\u201d.<\/p>\n<p>Por fim, Amanda refletiu sobre a tristeza de ver outras crian\u00e7as doentes enquanto estava no hospital com a filha. \u201cNo hospital, encontramos outras crian\u00e7as em estado grave\u2026 Presenciei um menininho de 4 anos tendo uma parada respirat\u00f3ria. Meu sentimento de m\u00e3e, vendo os pais desesperados pedirem para que salvassem aquele menino, foi de partir o cora\u00e7\u00e3o. Felizmente, ele est\u00e1 bem. Nesse momento, agradeci muito a Deus pela sa\u00fade da Tutu. Mesmo vivendo todo aquele caos, ela estava ali, com sa\u00fade e toda serelepe mesmo com o dedinho pendurado\u201d, afirmou.<\/p>\n<p><strong>Leia tamb\u00e9m<\/strong>: <a href=\"https:\/\/caras.com.br\/bebe\/filha-de-amanda-kimberlly-e-neymar-posa-com-look-de-piloto-e-chama-atencao-ao-aparecer-sem-curativo.phtml\" rel=\"nofollow noopener\" target=\"_blank\">Filha de Amanda Kimberlly e Neymar posa com look de piloto<\/a><\/p>\n<p>        <a href=\"https:\/\/caras.com.br\/autor\/priscilla-comoti\" rel=\"nofollow noopener\" target=\"_blank\">&#13;<br \/>\n          <img alt=\"Priscilla Comoti\" src=\"https:\/\/www.europesays.com\/pt\/wp-content\/uploads\/2025\/11\/1763341999_386_e53883bdf02c542f6517b68879e8cb08b27a1d55c4dfd53577e47d3ab6331a06\"  class=\"avatar avatar-115 photo rounded-circle mr-3\" height=\"115\" width=\"115\" loading=\"lazy\" decoding=\"async\"\/>        <\/a><\/p>\n<p>Priscilla Comoti \u00e9 editora de conte\u00fado do site CARAS. Ela \u00e9 formada em jornalismo e em audiovisual, j\u00e1 passou pelos sites Contigo!, Minha Novela, TiTiTi, Mais Novela e Portal M\u00e1rcia Piovesan. Escreve sobre celebridades, not\u00edcias sobre a fam\u00edlia real brit\u00e2nica, TV, reality show e novelas.<\/p>\n","protected":false},"excerpt":{"rendered":"O jogador de futebol Neymar e a modelo Amanda Kimberlly explodiram o fofur\u00f4metro das redes sociais ao mostrarem&hellip;\n","protected":false},"author":2,"featured_media":154505,"comment_status":"","ping_status":"","sticky":false,"template":"","format":"standard","meta":{"footnotes":""},"categories":[145],"tags":[11936,211,210,114,115,33281,7177,6039,32,33],"class_list":{"0":"post-154504","1":"post","2":"type-post","3":"status-publish","4":"format-standard","5":"has-post-thumbnail","7":"category-celebridades","8":"tag-amanda-kimberlly","9":"tag-celebridades","10":"tag-celebrities","11":"tag-entertainment","12":"tag-entretenimento","13":"tag-filha-de-neymar-jr-e-amanda-kimberlly","14":"tag-helena","15":"tag-neymar-jr","16":"tag-portugal","17":"tag-pt"},"share_on_mastodon":{"url":"https:\/\/pubeurope.com\/@pt\/115562388442501439","error":""},"_links":{"self":[{"href":"https:\/\/www.europesays.com\/pt\/wp-json\/wp\/v2\/posts\/154504","targetHints":{"allow":["GET"]}}],"collection":[{"href":"https:\/\/www.europesays.com\/pt\/wp-json\/wp\/v2\/posts"}],"about":[{"href":"https:\/\/www.europesays.com\/pt\/wp-json\/wp\/v2\/types\/post"}],"author":[{"embeddable":true,"href":"https:\/\/www.europesays.com\/pt\/wp-json\/wp\/v2\/users\/2"}],"replies":[{"embeddable":true,"href":"https:\/\/www.europesays.com\/pt\/wp-json\/wp\/v2\/comments?post=154504"}],"version-history":[{"count":0,"href":"https:\/\/www.europesays.com\/pt\/wp-json\/wp\/v2\/posts\/154504\/revisions"}],"wp:featuredmedia":[{"embeddable":true,"href":"https:\/\/www.europesays.com\/pt\/wp-json\/wp\/v2\/media\/154505"}],"wp:attachment":[{"href":"https:\/\/www.europesays.com\/pt\/wp-json\/wp\/v2\/media?parent=154504"}],"wp:term":[{"taxonomy":"category","embeddable":true,"href":"https:\/\/www.europesays.com\/pt\/wp-json\/wp\/v2\/categories?post=154504"},{"taxonomy":"post_tag","embeddable":true,"href":"https:\/\/www.europesays.com\/pt\/wp-json\/wp\/v2\/tags?post=154504"}],"curies":[{"name":"wp","href":"https:\/\/api.w.org\/{rel}","templated":true}]}}