{"id":154508,"date":"2025-11-17T01:17:22","date_gmt":"2025-11-17T01:17:22","guid":{"rendered":"https:\/\/www.europesays.com\/pt\/154508\/"},"modified":"2025-11-17T01:17:22","modified_gmt":"2025-11-17T01:17:22","slug":"jinjer-in-flames-e-killswitch-engage-confirmados-no-bangers-open-air-afirma-jornalista","status":"publish","type":"post","link":"https:\/\/www.europesays.com\/pt\/154508\/","title":{"rendered":"Jinjer, In Flames e Killswitch Engage confirmados no Bangers Open Air, afirma jornalista"},"content":{"rendered":"<p>Jos\u00e9 Norberto Flesch, jornalista conhecido por noticiar em primeira m\u00e3o a vinda de grandes nomes da m\u00fasica para o Brasil, afirmou em <a href=\"https:\/\/x.com\/jnflesch\/\" rel=\"nofollow\">seu perfil no X (antigo Twitter)<\/a> que as bandas Jinjer, In Flames e Killswitch Engage estariam no line-up do Bangers Open Air 2026, em S\u00e3o Paulo.<\/p>\n<p><a target=\"_blank\" href=\"https:\/\/www.europesays.com\/pt\/wp-content\/uploads\/2025\/11\/jinjer_promo.jpg\"><img loading=\"lazy\" decoding=\"async\" src=\"https:\/\/www.europesays.com\/pt\/wp-content\/uploads\/2025\/11\/jinjer_promo.jpg\" class=\"widthConstrained\" width=\"700\" height=\"467\" alt=\"Foto: Divulga\u00e7\u00e3o\"\/><\/a>Foto: Divulga\u00e7\u00e3o<\/p>\n<p>CONTINUA DEPOIS DA PUBLICIDADE &#8211; CLI<\/p>\n<p>&#13;<br \/>\n&#13;<br \/>\n&#13;<br \/>\n&#13;<br \/>\n&#13;<br \/>\n&#13;<br \/>\n&#13;<br \/>\n&#13;<br \/>\n<a href=\"https:\/\/whiplash.net\/materias\/whiplash\/027002.html\" rel=\"nofollow noopener\" target=\"_blank\"><img decoding=\"async\" src=\"https:\/\/www.europesays.com\/pt\/wp-content\/uploads\/2025\/10\/1760413028_813_anunciar_diabo_336x280.gif\" loading=\"lazy\" width=\"336\" height=\"280\" class=\"widthConstrained\" style=\"background-color:#000000;display:block;\" alt=\"Anunciar bandas e shows de Rock e Heavy Metal\"\/><\/a>&#13;<\/p>\n<p>As informa\u00e7\u00f5es antecedem o an\u00fancio oficial da programa\u00e7\u00e3o completa, previsto para segunda-feira (17), segundo a produ\u00e7\u00e3o do festival. A vinda do In Flames \u00e9 corroborada por uma <a href=\"https:\/\/www.instagram.com\/bangersopenair\/reel\/DRFh1CaiW8k\/\" rel=\"nofollow noopener\" target=\"_blank\">postagem<\/a> feita nas redes do Bangers Open Air, que diz: &#8220;Eita que o Bangers t\u00e1 &#8216;em chamas&#8217; mesmo&#8221;, em alus\u00e3o ao nome da banda.<\/p>\n<p>O Bangers Open Air ser\u00e1 realizado nos dias 25 e 26 de abril no Memorial da Am\u00e9rica Latina, em S\u00e3o Paulo. Os ingressos est\u00e3o dispon\u00edveis pelo <a href=\"https:\/\/www.clubedoingresso.com\/evento\/bangersopenairbrasil2026\" rel=\"nofollow noopener\" target=\"_blank\">Clube do Ingresso<\/a>.<\/p>\n<p>CONTINUA DEPOIS DA PUBLICIDADE &#8211; GOO<\/p>\n<p>&#13;<br \/>\n&#13;<br \/>\n&#13;<br \/>\n&#13;<br \/>\n<a href=\"https:\/\/whiplash.net\/materias\/whiplash\/027002.html\" rel=\"nofollow noopener\" target=\"_blank\"><img decoding=\"async\" src=\"https:\/\/www.europesays.com\/pt\/wp-content\/uploads\/2025\/10\/1760413028_813_anunciar_diabo_336x280.gif\" loading=\"lazy\" width=\"336\" height=\"280\" alt=\"Anunciar no Whiplash.Net\"\/><\/a>&#13;<br \/>\n&#13;<br \/>\n&#13;<br \/>\n&#13;<br \/>\n&#13;<br \/>\n&#13;<br \/>\n<a href=\"https:\/\/whiplash.net\/materias\/whiplash\/027002.html\" rel=\"nofollow noopener\" target=\"_blank\"><img decoding=\"async\" src=\"https:\/\/www.europesays.com\/pt\/wp-content\/uploads\/2025\/10\/1760413028_813_anunciar_diabo_336x280.gif\" loading=\"lazy\" width=\"336\" height=\"280\" class=\"widthConstrained\" style=\"background-color:#000000;display:block;\" alt=\"Anunciar bandas e shows de Rock e Heavy Metal\"\/><\/a>&#13;<\/p>\n<p><script async src=\"\/\/www.instagram.com\/embed.js\"><\/script><\/p>\n","protected":false},"excerpt":{"rendered":"Jos\u00e9 Norberto Flesch, jornalista conhecido por noticiar em primeira m\u00e3o a vinda de grandes nomes da m\u00fasica para&hellip;\n","protected":false},"author":2,"featured_media":154509,"comment_status":"","ping_status":"","sticky":false,"template":"","format":"standard","meta":{"footnotes":""},"categories":[141],"tags":[114,115,149,150,32,33],"class_list":{"0":"post-154508","1":"post","2":"type-post","3":"status-publish","4":"format-standard","5":"has-post-thumbnail","7":"category-musica","8":"tag-entertainment","9":"tag-entretenimento","10":"tag-music","11":"tag-musica","12":"tag-portugal","13":"tag-pt"},"share_on_mastodon":{"url":"https:\/\/pubeurope.com\/@pt\/115562403982769452","error":""},"_links":{"self":[{"href":"https:\/\/www.europesays.com\/pt\/wp-json\/wp\/v2\/posts\/154508","targetHints":{"allow":["GET"]}}],"collection":[{"href":"https:\/\/www.europesays.com\/pt\/wp-json\/wp\/v2\/posts"}],"about":[{"href":"https:\/\/www.europesays.com\/pt\/wp-json\/wp\/v2\/types\/post"}],"author":[{"embeddable":true,"href":"https:\/\/www.europesays.com\/pt\/wp-json\/wp\/v2\/users\/2"}],"replies":[{"embeddable":true,"href":"https:\/\/www.europesays.com\/pt\/wp-json\/wp\/v2\/comments?post=154508"}],"version-history":[{"count":0,"href":"https:\/\/www.europesays.com\/pt\/wp-json\/wp\/v2\/posts\/154508\/revisions"}],"wp:featuredmedia":[{"embeddable":true,"href":"https:\/\/www.europesays.com\/pt\/wp-json\/wp\/v2\/media\/154509"}],"wp:attachment":[{"href":"https:\/\/www.europesays.com\/pt\/wp-json\/wp\/v2\/media?parent=154508"}],"wp:term":[{"taxonomy":"category","embeddable":true,"href":"https:\/\/www.europesays.com\/pt\/wp-json\/wp\/v2\/categories?post=154508"},{"taxonomy":"post_tag","embeddable":true,"href":"https:\/\/www.europesays.com\/pt\/wp-json\/wp\/v2\/tags?post=154508"}],"curies":[{"name":"wp","href":"https:\/\/api.w.org\/{rel}","templated":true}]}}