{"id":154520,"date":"2025-11-17T01:28:11","date_gmt":"2025-11-17T01:28:11","guid":{"rendered":"https:\/\/www.europesays.com\/pt\/154520\/"},"modified":"2025-11-17T01:28:11","modified_gmt":"2025-11-17T01:28:11","slug":"poliana-rocha-faz-homenagem-para-a-nora-ana-castela-receba-em-dobro","status":"publish","type":"post","link":"https:\/\/www.europesays.com\/pt\/154520\/","title":{"rendered":"Poliana Rocha faz homenagem para a nora, Ana Castela: &#8216;Receba em dobro&#8217;"},"content":{"rendered":"<p>A influencer e empres\u00e1ria <a href=\"https:\/\/caras.com.br\/tags\/poliana-rocha\" rel=\"nofollow noopener\" target=\"_blank\"><strong>Poliana Rocha<\/strong><\/a> mostrou que \u00e9 uma sogra carinhosa e fez quest\u00e3o de mandar um recado especial para sua nova nora, a cantora <a href=\"https:\/\/caras.com.br\/tags\/ana-castela\" rel=\"nofollow noopener\" target=\"_blank\"><strong>Ana Castela<\/strong><\/a>. A esposa de <a href=\"https:\/\/caras.com.br\/tags\/leonardo\" rel=\"nofollow noopener\" target=\"_blank\"><strong>Leonardo<\/strong><\/a> viu que era o dia do anivers\u00e1rio da namorada de seu filho, o cantor <a href=\"https:\/\/caras.com.br\/tags\/ze-felipe\" rel=\"nofollow noopener\" target=\"_blank\"><strong>Z\u00e9 Felipe<\/strong><\/a>, e a homenageou com um post nas redes sociais.<\/p>\n<p>No recado, ela compartilhou uma foto de Ana na fazenda em um momento de folga da rotina e falou sobre o quanto admira a simplicidade dela. Al\u00e9m disso, ela fez seus desejos sobre o que espera para a vida da nora.<\/p>\n<p>\u201cParab\u00e9ns pelo seu dia! Que este novo ano de vida seja marcado por crescimento, alegrias e momentos que fortale\u00e7am a sua ess\u00eancia! Que voc\u00ea receba em dobro toda a bondade, simplicidade que espalha por onde passa. Aproveite muito seu dia, celebre com o cora\u00e7\u00e3o aberto e saiba que desejo a voc\u00ea um ciclo lindo, aben\u00e7oado e cheio de realiza\u00e7\u00f5es. Feliz anivers\u00e1rio!\u201d, contou.<\/p>\n<p>Vale lembrar que Poliana Rocha j\u00e1 conheceu Ana Castela pessoalmente. A cantora j\u00e1 foi visitar a casa dos sogros em Goi\u00e2nia e eles tamb\u00e9m fizeram uma viagem juntos para o Pantanal recentemente.<\/p>\n<p>\t <img loading=\"lazy\" decoding=\"async\" class=\"wp-image-1032022 size-full img-fluid lazy\" alt=\"Post de Poliana Rocha para Ana Castela - Foto: Reprodu\u00e7\u00e3o \/ Instagram\" width=\"1080\" height=\"1920\" src=\"https:\/\/www.europesays.com\/pt\/wp-content\/uploads\/2025\/11\/post-de-poliana-rocha-para-ana-castela.jpg\"  \/>Post de Poliana Rocha para Ana Castela \u2013 Foto: Reprodu\u00e7\u00e3o \/ Instagram Ana Castela n\u00e3o foi ao anivers\u00e1rio da sogra <\/p>\n<p>Na \u00faltima semana, Poliana Rocha completou 49 anos de vida e reuniu sua fam\u00edlia para uma festa na fazenda Talism\u00e3. Ela recebeu seus convidados para uma missa na capela e tamb\u00e9m um jantar especial. No entanto, a nova nora dela, Ana Castela, n\u00e3o esteve na celebra\u00e7\u00e3o.<\/p>\n<p>Mesmo assim, ela teve uma boa justificativa para faltar na festa da sogra. Isso porque ela\u00a0foi indicada no Grammy Latino na categoria de Melhor \u00c1lbum de M\u00fasica Sertaneja e foi aos EUA acompanhar o evento musical. Em sua rede social, a artista postou fotos usando um look branco para o evento toda animada. \u201cLet\u2019s go Grammy\u201d, escreveu \u201cvamos l\u00e1 Grammy\u201d.<\/p>\n<p>Por causa da viagem, <a href=\"https:\/\/caras.com.br\/atualidades\/ana-castela-nao-foi-ao-aniversario-de-poliana-rocha-saiba-o-motivo.phtml\" rel=\"nofollow noopener\" target=\"_blank\">ela n\u00e3o conseguiu ir ao encontro familiar da fam\u00edlia do namorado<\/a>.<\/p>\n<p><strong>Leia tamb\u00e9m:<\/strong> <a href=\"https:\/\/caras.com.br\/atualidades\/poliana-rocha-da-presente-fora-do-comum-para-baba-de-maria-flor.phtml\" rel=\"nofollow noopener\" target=\"_blank\">Poliana Rocha d\u00e1 presente fora do comum para bab\u00e1 de Maria Flor<\/a><\/p>\n<p>        <a href=\"https:\/\/caras.com.br\/autor\/priscilla-comoti\" rel=\"nofollow noopener\" target=\"_blank\">&#13;<br \/>\n          <img alt=\"Priscilla Comoti\" src=\"https:\/\/www.europesays.com\/pt\/wp-content\/uploads\/2025\/11\/1763342891_115_e53883bdf02c542f6517b68879e8cb08b27a1d55c4dfd53577e47d3ab6331a06\"  class=\"avatar avatar-115 photo rounded-circle mr-3\" height=\"115\" width=\"115\" loading=\"lazy\" decoding=\"async\"\/>        <\/a><\/p>\n<p>Priscilla Comoti \u00e9 editora de conte\u00fado do site CARAS. Ela \u00e9 formada em jornalismo e em audiovisual, j\u00e1 passou pelos sites Contigo!, Minha Novela, TiTiTi, Mais Novela e Portal M\u00e1rcia Piovesan. Escreve sobre celebridades, not\u00edcias sobre a fam\u00edlia real brit\u00e2nica, TV, reality show e novelas.<\/p>\n","protected":false},"excerpt":{"rendered":"A influencer e empres\u00e1ria Poliana Rocha mostrou que \u00e9 uma sogra carinhosa e fez quest\u00e3o de mandar um&hellip;\n","protected":false},"author":2,"featured_media":154521,"comment_status":"","ping_status":"","sticky":false,"template":"","format":"standard","meta":{"footnotes":""},"categories":[145],"tags":[13762,211,210,114,115,33085,5548,32,33,7398],"class_list":{"0":"post-154520","1":"post","2":"type-post","3":"status-publish","4":"format-standard","5":"has-post-thumbnail","7":"category-celebridades","8":"tag-ana-castela","9":"tag-celebridades","10":"tag-celebrities","11":"tag-entertainment","12":"tag-entretenimento","13":"tag-mae-de-ze-felipe","14":"tag-poliana-rocha","15":"tag-portugal","16":"tag-pt","17":"tag-sogra"},"share_on_mastodon":{"url":"https:\/\/pubeurope.com\/@pt\/115562447496617949","error":""},"_links":{"self":[{"href":"https:\/\/www.europesays.com\/pt\/wp-json\/wp\/v2\/posts\/154520","targetHints":{"allow":["GET"]}}],"collection":[{"href":"https:\/\/www.europesays.com\/pt\/wp-json\/wp\/v2\/posts"}],"about":[{"href":"https:\/\/www.europesays.com\/pt\/wp-json\/wp\/v2\/types\/post"}],"author":[{"embeddable":true,"href":"https:\/\/www.europesays.com\/pt\/wp-json\/wp\/v2\/users\/2"}],"replies":[{"embeddable":true,"href":"https:\/\/www.europesays.com\/pt\/wp-json\/wp\/v2\/comments?post=154520"}],"version-history":[{"count":0,"href":"https:\/\/www.europesays.com\/pt\/wp-json\/wp\/v2\/posts\/154520\/revisions"}],"wp:featuredmedia":[{"embeddable":true,"href":"https:\/\/www.europesays.com\/pt\/wp-json\/wp\/v2\/media\/154521"}],"wp:attachment":[{"href":"https:\/\/www.europesays.com\/pt\/wp-json\/wp\/v2\/media?parent=154520"}],"wp:term":[{"taxonomy":"category","embeddable":true,"href":"https:\/\/www.europesays.com\/pt\/wp-json\/wp\/v2\/categories?post=154520"},{"taxonomy":"post_tag","embeddable":true,"href":"https:\/\/www.europesays.com\/pt\/wp-json\/wp\/v2\/tags?post=154520"}],"curies":[{"name":"wp","href":"https:\/\/api.w.org\/{rel}","templated":true}]}}