{"id":154524,"date":"2025-11-17T01:32:11","date_gmt":"2025-11-17T01:32:11","guid":{"rendered":"https:\/\/www.europesays.com\/pt\/154524\/"},"modified":"2025-11-17T01:32:11","modified_gmt":"2025-11-17T01:32:11","slug":"fenomeno-do-k-pop-e-rosto-mais-bonito-do-mundo-quem-e-a-estrela-sul-coreana-atacada-em-casa-por-bandido-o-globo","status":"publish","type":"post","link":"https:\/\/www.europesays.com\/pt\/154524\/","title":{"rendered":"Fen\u00f4meno do k-pop e rosto &#039;mais bonito do mundo&#039;: quem \u00e9 a estrela sul-coreana atacada em casa por bandido &#8211; O Globo"},"content":{"rendered":"<ol>\n<li><a href=\"https:\/\/news.google.com\/rss\/articles\/CBMi8wFBVV95cUxNWGNwa2g1LTBkU1dzcTZzdVVsMjFOWUlMaTNhVXlpQ21VRGhjQlVfZEl3VUhfRXRLUWxnLVVfWVBaUkN0WlhBYnJ1emxOeDFHU3U2MUpLNXhqcjA3ZXZvZkItMDdoNXEtT1EwNjR3dHFhOXUzRXp1dm9sSkQ1eFUtMkJqRmF5dFYxRFNfSmRnWXRudkx1U0o5NVhzczhfcUV1YjlVOGxKZVhxUDJpWjBtcXV5MXNUTks4QXRGcFl2aUlIZFVOSTJUNXVIZ2dBTy1sT2FVT1NIdy1XckV1ZzRZaHo1T29lbm1JY1JkY3FkMVh5c1nSAYICQVVfeXFMTUdIbThXblFOZnVwUDFUTEJFM1NWNHZrZlF1a0VjSTRxMFhjaS1iRFk4WnJDVTQ3WjF1N1ZfRFZFZmt0d01Lb1VZUDZlYnVuOGN0RTJhNko0UGdTcWk1YUc4VHJhMkd5SXluYngzZjJKMV9ESlhMd1lsRk5xNzhPU1lyb1R4YnRIdkJiY3hzcG8xZHg2TFRSMkNiSngtT0NNdE9DVmtURE9VOTJtZ1F0ZXVOMHhJaFllZHBWLXFCUUJwWDIxbjNvU04xRVdLcU5BQzR3YkxUNm1XNDhKM005aTE3dkpYdUpyQUZhZTlGM2lmWlY2MUQ4SlAxLWJ1VGJ1bmpn?oc=5\" target=\"_blank\" rel=\"nofollow noopener\">Fen\u00f4meno do k-pop e rosto &#8216;mais bonito do mundo&#8217;: quem \u00e9 a estrela sul-coreana atacada em casa por bandido<\/a>&nbsp;&nbsp;O Globo<\/li>\n<li><a href=\"https:\/\/news.google.com\/rss\/articles\/CBMirAFBVV95cUxObkRSZ0l4cTdGT0lMQnR0LTV2N0h4VkRtbjJzZGZCa1hlckZ5NDZ1bnBqUW96SW8xVER1VV9zM2hSLTNuSDhMZGVoa3dZM0dJWG9LNzc5MHRqYVF1Q1ZOMTdPV2s3MDdKRDB6WHJlRWZyYzRWd3BHSHFmQlZZYjVfeWtVcDl6a3Z5b3gwMHViLWFqdXF1MEcxTHItMzAwcU80bk1KeFE0b2ZPR0V10gG7AUFVX3lxTE0zcnd6RzAtWG13enZ2MURZOU1rbS1tczBUczFBcE5KS0R6VlRYNk5MdTdQbWUyRkJ6OTRORGJsMVlLOUZHTWxIVXk1eWJSd2ZLUG1wSENoQW44WkhORTZrLWRuTWhnTUtpTUo2V21yaDlpT2UxZmlHNjRjN0RoVmlMT2txWHpsTm5ubWFYTTRfLVZqUHI2eHdNV3hoUWV4US1TcnVHcFdVTFZ2YkZLX01LQzNXbmtVSUN6M1E?oc=5\" target=\"_blank\" rel=\"nofollow noopener\">Nana, estrela sul-coreana de k-pop, det\u00e9m ladr\u00e3o em sua casa<\/a>&nbsp;&nbsp;G1<\/li>\n<li><a href=\"https:\/\/news.google.com\/rss\/articles\/CBMipwFBVV95cUxQTWNETmRoNmVTY1NDZmk5S1htRC1OUGd6ZDA2UVVtQmV0ZW9lZTZqNW5DdWp3MFdOcWJLU205MHFQR0Jnb0VLRFdCOGQ1RDFZMUJwV2ZXdmlHZHp0Q0ZpM0EweHV4dUFDcTVsdEVvU19Bb1R0UmVtdnZjU0xkUEZGQ1M5SW5wdURFSE1KcEx6ekh6UHJJVFFJYTJVZTBpejY3MWhTNlBibw?oc=5\" target=\"_blank\" rel=\"nofollow noopener\">Idol de K-pop Nana imobiliza ladr\u00e3o ap\u00f3s invas\u00e3o de sua casa<\/a>&nbsp;&nbsp;Estad\u00e3o<\/li>\n<li><a href=\"https:\/\/news.google.com\/rss\/articles\/CBMipgFBVV95cUxOOXN1THlld21wQlJHYW9Edlo1cTRzSkZDdmpRZTd2V1pjRVg4c1ZpNkpra0E1Q21sMHZnbnUxc3pmbEZxaHhTY3hBVUZrOU1hUmNIdkdacnMzVW01cHlVdXV3cjRTRGk3NlhqMDlmRDNHU1gyYVhYVFZITTVqRUlyNGUyRUxpYTV2VVluN25FclhnTHdMZWFZeHEyaVI4NkxOQmlQcVdR?oc=5\" target=\"_blank\" rel=\"nofollow noopener\">Estrela do k-pop \u00e9 hospitalizada ap\u00f3s homem invadir sua casa<\/a>&nbsp;&nbsp;R\u00e1dio Itatiaia<\/li>\n<li><a href=\"https:\/\/news.google.com\/rss\/articles\/CBMie0FVX3lxTE04SVpQejFaaVlmSWRzUjJmXzJmMDFmVUctejk5THZZQ0RZSW5LclRTN1N4b093cVQ4X2tpUXBlTU5qSnlxcGVJeVVOcXZ5ckxMQldLRFJWT25JQnFwLTUwQzV4Q0VrY0gydmxzTmYwYm5TeXVVcDRlVU9SZw?oc=5\" target=\"_blank\" rel=\"nofollow noopener\">Nana e sua m\u00e3e foram feridas ap\u00f3s roubo, confirma ag\u00eancia<\/a>&nbsp;&nbsp;Billboard Brasil<\/li>\n<\/ol>\n","protected":false},"excerpt":{"rendered":"Fen\u00f4meno do k-pop e rosto &#8216;mais bonito do mundo&#8217;: quem \u00e9 a estrela sul-coreana atacada em casa por&hellip;\n","protected":false},"author":2,"featured_media":13210,"comment_status":"","ping_status":"","sticky":false,"template":"","format":"standard","meta":{"footnotes":""},"categories":[141],"tags":[114,115,149,150,32,33],"class_list":{"0":"post-154524","1":"post","2":"type-post","3":"status-publish","4":"format-standard","5":"has-post-thumbnail","7":"category-musica","8":"tag-entertainment","9":"tag-entretenimento","10":"tag-music","11":"tag-musica","12":"tag-portugal","13":"tag-pt"},"share_on_mastodon":{"url":"https:\/\/pubeurope.com\/@pt\/115562462769309124","error":""},"_links":{"self":[{"href":"https:\/\/www.europesays.com\/pt\/wp-json\/wp\/v2\/posts\/154524","targetHints":{"allow":["GET"]}}],"collection":[{"href":"https:\/\/www.europesays.com\/pt\/wp-json\/wp\/v2\/posts"}],"about":[{"href":"https:\/\/www.europesays.com\/pt\/wp-json\/wp\/v2\/types\/post"}],"author":[{"embeddable":true,"href":"https:\/\/www.europesays.com\/pt\/wp-json\/wp\/v2\/users\/2"}],"replies":[{"embeddable":true,"href":"https:\/\/www.europesays.com\/pt\/wp-json\/wp\/v2\/comments?post=154524"}],"version-history":[{"count":0,"href":"https:\/\/www.europesays.com\/pt\/wp-json\/wp\/v2\/posts\/154524\/revisions"}],"wp:featuredmedia":[{"embeddable":true,"href":"https:\/\/www.europesays.com\/pt\/wp-json\/wp\/v2\/media\/13210"}],"wp:attachment":[{"href":"https:\/\/www.europesays.com\/pt\/wp-json\/wp\/v2\/media?parent=154524"}],"wp:term":[{"taxonomy":"category","embeddable":true,"href":"https:\/\/www.europesays.com\/pt\/wp-json\/wp\/v2\/categories?post=154524"},{"taxonomy":"post_tag","embeddable":true,"href":"https:\/\/www.europesays.com\/pt\/wp-json\/wp\/v2\/tags?post=154524"}],"curies":[{"name":"wp","href":"https:\/\/api.w.org\/{rel}","templated":true}]}}