{"id":154529,"date":"2025-11-17T01:37:24","date_gmt":"2025-11-17T01:37:24","guid":{"rendered":"https:\/\/www.europesays.com\/pt\/154529\/"},"modified":"2025-11-17T01:37:24","modified_gmt":"2025-11-17T01:37:24","slug":"anomalia-cosmica-desafia-teoria-do-big-bang","status":"publish","type":"post","link":"https:\/\/www.europesays.com\/pt\/154529\/","title":{"rendered":"Anomalia c\u00f3smica desafia teoria do Big Bang"},"content":{"rendered":"<p class=\"postParagraph_post-paragraph__juWZN postParagraph_post-paragraph-innerHtml__Q5vwc\">Astr\u00f4nomos descobriram uma anomalia que questiona nossa compreens\u00e3o do universo. Telesc\u00f3pios detectaram uma distribui\u00e7\u00e3o desigual de gal\u00e1xias no espa\u00e7o profundo \u2014 3,67 vezes maior que o esperado. A descoberta sugere que o Sistema Solar pode estar se movendo mais r\u00e1pido que o calculado, ou que existem falhas na teoria cosmol\u00f3gica atual. O achado tem alta confiabilidade estat\u00edstica.<\/p>\n<p>O que os cientistas descobriram?<\/p>\n<p class=\"postParagraph_post-paragraph__juWZN postParagraph_post-paragraph-innerHtml__Q5vwc\">Uma equipe internacional liderada pelo astr\u00f4nomo Lukas B\u00f6hme analisou dados de tr\u00eas grandes observat\u00f3rios de r\u00e1dio espalhados pelo mundo. Eles estudaram o que podem ser milh\u00f5es de gal\u00e1xias distantes que emitem ondas de r\u00e1dio. O trabalho foi <a href=\"https:\/\/journals.aps.org\/prl\/pdf\/10.1103\/6z32-3zf4\" target=\"_blank\" rel=\"noreferrer noopener nofollow\">publicado <\/a>em novembro de 2025.<\/p>\n<p class=\"postParagraph_post-paragraph__juWZN postParagraph_post-paragraph-innerHtml__Q5vwc\">Os pesquisadores descobriram que essas gal\u00e1xias n\u00e3o est\u00e3o distribu\u00eddas uniformemente no c\u00e9u, como deveria acontecer segundo as teorias atuais. Existe uma assimetria: h\u00e1 muito mais gal\u00e1xias em uma dire\u00e7\u00e3o do c\u00e9u do que na dire\u00e7\u00e3o oposta.<\/p>\n<p class=\"postParagraph_post-paragraph__juWZN postParagraph_post-paragraph-innerHtml__Q5vwc\">O grau de confian\u00e7a dessa descoberta \u00e9 de 5,4 sigma. Na pr\u00e1tica, isso significa que a chance de ser um erro estat\u00edstico \u00e9 de apenas 1 em 3,5 milh\u00f5es. Para cientistas, qualquer resultado acima de 5 sigma \u00e9 considerado uma descoberta s\u00f3lida.<\/p>\n<p>Por que isso \u00e9 importante?<\/p>\n<p class=\"postParagraph_post-paragraph__juWZN postParagraph_post-paragraph-innerHtml__Q5vwc\">Essa descoberta abala um dos pilares da cosmologia moderna: o Princ\u00edpio Cosmol\u00f3gico. Esse princ\u00edpio diz que, quando olhamos para escalas muito grandes do universo, tudo deveria parecer uniforme. N\u00e3o deveria haver uma dire\u00e7\u00e3o &#8220;especial&#8221; no espa\u00e7o.<\/p>\n<p class=\"postParagraph_post-paragraph__juWZN postParagraph_post-paragraph-innerHtml__Q5vwc\">\u00c9 como imaginar um bolo com gotas de chocolate. Visto de longe, o bolo parece ter chocolate distribu\u00eddo igualmente por toda parte. O Princ\u00edpio Cosmol\u00f3gico afirma que o universo funciona assim: visto em grande escala, a mat\u00e9ria est\u00e1 espalhada de forma homog\u00eanea.<\/p>\n<p class=\"postParagraph_post-paragraph__juWZN postParagraph_post-paragraph-innerHtml__Q5vwc\">Mas se essa nova medi\u00e7\u00e3o estiver correta, o &#8220;bolo&#8221; do universo tem muito mais &#8220;chocolate&#8221; de um lado do que do outro. Isso contraria d\u00e9cadas de observa\u00e7\u00f5es e teorias sobre como o universo se formou e evoluiu ap\u00f3s o Big Bang.<\/p>\n<p>Como funciona essa medi\u00e7\u00e3o?<\/p>\n<p class=\"postParagraph_post-paragraph__juWZN postParagraph_post-paragraph-innerHtml__Q5vwc\">Imagine que voc\u00ea est\u00e1 dentro de um carro em movimento em uma nevasca. Voc\u00ea ver\u00e1 mais flocos de neve vindo de frente do que por tr\u00e1s. Isso acontece porque voc\u00ea est\u00e1 se movendo em dire\u00e7\u00e3o aos flocos.<\/p>\n<p class=\"postParagraph_post-paragraph__juWZN postParagraph_post-paragraph-innerHtml__Q5vwc\">O mesmo ocorre no espa\u00e7o. Nosso Sistema Solar se move atrav\u00e9s do universo a aproximadamente 370 quil\u00f4metros por segundo. Por causa desse movimento, dever\u00edamos ver mais gal\u00e1xias na dire\u00e7\u00e3o para onde estamos indo e menos na dire\u00e7\u00e3o oposta. Esse fen\u00f4meno \u00e9 chamado de &#8220;dipolo cinem\u00e1tico&#8221;.<\/p>\n<p class=\"postParagraph_post-paragraph__juWZN postParagraph_post-paragraph-innerHtml__Q5vwc\">Os cientistas conseguem calcular quanto desse efeito deveria existir baseado em outras medi\u00e7\u00f5es. A principal refer\u00eancia \u00e9 a Radia\u00e7\u00e3o C\u00f3smica de Fundo \u2014 uma &#8220;luz&#8221; muito fraca que permeia todo o universo, resqu\u00edcio do Big Bang que ocorreu h\u00e1 13,8 bilh\u00f5es de anos.<\/p>\n<p class=\"postParagraph_post-paragraph__juWZN postParagraph_post-paragraph-innerHtml__Q5vwc\">O problema \u00e9 que os novos dados mostram um dipolo quase quatro vezes maior do que o esperado. \u00c9 como se estiv\u00e9ssemos nos movendo muito mais r\u00e1pido do que todas as outras medi\u00e7\u00f5es indicam \u2014 ou como se houvesse realmente mais gal\u00e1xias de um lado do universo.<\/p>\n<p>Qual \u00e9 a inova\u00e7\u00e3o neste m\u00e9todo de an\u00e1lise?<\/p>\n<p class=\"postParagraph_post-paragraph__juWZN postParagraph_post-paragraph-innerHtml__Q5vwc\">Estudos anteriores sobre esse tema usavam m\u00e9todos estat\u00edsticos inadequados. O problema \u00e9 t\u00e9cnico: muitas gal\u00e1xias que emitem ondas de r\u00e1dio t\u00eam estruturas complexas. Uma \u00fanica gal\u00e1xia pode ter v\u00e1rios pontos emitindo r\u00e1dio, e cada ponto era contado separadamente, inflando artificialmente os n\u00fameros.<\/p>\n<p class=\"postParagraph_post-paragraph__juWZN postParagraph_post-paragraph-innerHtml__Q5vwc\">Os antigos m\u00e9todos presumiam que a contagem de gal\u00e1xias seguia um padr\u00e3o matem\u00e1tico simples (distribui\u00e7\u00e3o de Poisson). Mas esse padr\u00e3o n\u00e3o funciona quando h\u00e1 muita varia\u00e7\u00e3o nos dados \u2014 o que os estat\u00edsticos chamam de &#8220;superdispers\u00e3o&#8221;.<\/p>\n<p class=\"postParagraph_post-paragraph__juWZN postParagraph_post-paragraph-innerHtml__Q5vwc\">A equipe de B\u00f6hme aplicou uma t\u00e9cnica diferente, usando modelos bayesianos com distribui\u00e7\u00e3o binomial negativa. Esse m\u00e9todo lida melhor com as varia\u00e7\u00f5es e oferece resultados mais confi\u00e1veis. Quando aplicaram a nova t\u00e9cnica aos dados dos tr\u00eas telesc\u00f3pios, a anomalia se confirmou em todos eles.<\/p>\n<p>Essa anomalia j\u00e1 havia sido detectada antes?<\/p>\n<p class=\"postParagraph_post-paragraph__juWZN postParagraph_post-paragraph-innerHtml__Q5vwc\">Sim. Esta n\u00e3o \u00e9 a primeira vez que cientistas encontram esse tipo de assimetria excessiva. Estudos anteriores usando cat\u00e1logos de quasares infravermelhos (objetos extremamente brilhantes e distantes) tamb\u00e9m detectaram dipolos maiores que o esperado.<\/p>\n<p class=\"postParagraph_post-paragraph__juWZN postParagraph_post-paragraph-innerHtml__Q5vwc\">O cat\u00e1logo CatWISE, por exemplo, que mapeou milh\u00f5es de objetos no infravermelho, j\u00e1 havia mostrado resultados parecidos. O diferencial do novo estudo \u00e9 usar exclusivamente dados de ondas de r\u00e1dio e aplicar m\u00e9todos estat\u00edsticos mais robustos.<\/p>\n<p class=\"postParagraph_post-paragraph__juWZN postParagraph_post-paragraph-innerHtml__Q5vwc\">Um ponto interessante: embora a magnitude (o tamanho) do dipolo seja muito maior que o previsto, sua dire\u00e7\u00e3o est\u00e1 correta. Ela aponta para a mesma regi\u00e3o do espa\u00e7o indicada pela Radia\u00e7\u00e3o C\u00f3smica de Fundo, dentro da margem de erro. Isso sugere que n\u00e3o se trata de um erro de calibra\u00e7\u00e3o dos instrumentos.<\/p>\n<p>Quais s\u00e3o as explica\u00e7\u00f5es poss\u00edveis?<\/p>\n<p class=\"postParagraph_post-paragraph__juWZN postParagraph_post-paragraph-innerHtml__Q5vwc\">Os cientistas trabalham com duas hip\u00f3teses principais para explicar a anomalia:<\/p>\n<p>Primeira hip\u00f3tese: fluxo de mat\u00e9ria local <\/p>\n<p class=\"postParagraph_post-paragraph__juWZN postParagraph_post-paragraph-innerHtml__Q5vwc\">O Sistema Solar n\u00e3o est\u00e1 simplesmente &#8220;flutuando&#8221; no espa\u00e7o. Ele \u00e9 arrastado por correntes gigantescas de mat\u00e9ria \u2014 incluindo mat\u00e9ria escura, que n\u00e3o podemos ver diretamente. Essas correntes s\u00e3o causadas pela atra\u00e7\u00e3o gravitacional de estruturas massivas distantes.<\/p>\n<p class=\"postParagraph_post-paragraph__juWZN postParagraph_post-paragraph-innerHtml__Q5vwc\">Se existir uma concentra\u00e7\u00e3o de mat\u00e9ria escura maior do que o previsto em nossa regi\u00e3o do universo, isso criaria um &#8220;fluxo&#8221; mais forte. Nossa velocidade real seria maior que a calculada, produzindo um dipolo excessivo nas observa\u00e7\u00f5es.<\/p>\n<p>Segunda hip\u00f3tese: Agrupamento local de gal\u00e1xias <\/p>\n<p class=\"postParagraph_post-paragraph__juWZN postParagraph_post-paragraph-innerHtml__Q5vwc\">Pode haver uma concentra\u00e7\u00e3o inesperada de gal\u00e1xias que emitem r\u00e1dio relativamente pr\u00f3ximas de n\u00f3s (em termos c\u00f3smicos). Essas gal\u00e1xias &#8220;locais&#8221; distorceriam as contagens, criando um dipolo artificial que n\u00e3o reflete a estrutura do universo em grande escala.<\/p>\n<p class=\"postParagraph_post-paragraph__juWZN postParagraph_post-paragraph-innerHtml__Q5vwc\">Ambas as explica\u00e7\u00f5es t\u00eam problemas. A primeira exigiria um fluxo de mat\u00e9ria incompat\u00edvel com o modelo Lambda-CDM, a teoria cosmol\u00f3gica padr\u00e3o. A segunda exigiria uma concentra\u00e7\u00e3o local muito maior que o observado at\u00e9 agora.<\/p>\n<p class=\"postParagraph_post-paragraph__juWZN postParagraph_post-paragraph-innerHtml__Q5vwc\">Uma terceira possibilidade, mais radical, \u00e9 que exista realmente uma assimetria fundamental no universo. Isso significaria que o Princ\u00edpio Cosmol\u00f3gico est\u00e1 errado e que o universo tem, de fato, dire\u00e7\u00f5es &#8220;especiais&#8221;. Essa seria uma revolu\u00e7\u00e3o na cosmologia.<\/p>\n<p>O que acontece agora?<\/p>\n<p class=\"postParagraph_post-paragraph__juWZN postParagraph_post-paragraph-innerHtml__Q5vwc\">A comunidade cient\u00edfica internacional precisar\u00e1 repetir essas medi\u00e7\u00f5es com outros telesc\u00f3pios e m\u00e9todos independentes. Novos observat\u00f3rios de r\u00e1dio est\u00e3o sendo constru\u00eddos, como o SKA (Square Kilometre Array), que ser\u00e1 o mais potente j\u00e1 feito.<\/p>\n<p class=\"postParagraph_post-paragraph__juWZN postParagraph_post-paragraph-innerHtml__Q5vwc\">Tamb\u00e9m ser\u00e1 necess\u00e1rio investigar se existem fontes de erro sistem\u00e1tico que ainda n\u00e3o foram identificadas. Calibra\u00e7\u00e3o de instrumentos, interfer\u00eancias atmosf\u00e9ricas e m\u00e9todos de processamento de dados ser\u00e3o reavaliados.<\/p>\n<p class=\"postParagraph_post-paragraph__juWZN postParagraph_post-paragraph-innerHtml__Q5vwc\">Se a anomalia se confirmar definitivamente, os cosm\u00f3logos ter\u00e3o que revisar teorias fundamentais sobre como o universo funciona. Isso pode levar a uma nova compreens\u00e3o sobre mat\u00e9ria escura, energia escura e a pr\u00f3pria geometria do espa\u00e7o-tempo.<\/p>\n<p class=\"postParagraph_post-paragraph__juWZN postParagraph_post-paragraph-innerHtml__Q5vwc\">Por enquanto, a descoberta permanece como um dos maiores mist\u00e9rios da astronomia moderna \u2014 um lembrete de que ainda h\u00e1 muito a aprender sobre o universo em que vivemos.<\/p>\n<p class=\"gp-styles-module-size-small-afeYRa gp-styles-module-font-family2-afeYRa gp-styles-module-color-secondary-afeYRa gp-styles-module-weight-bold-afeYRa\">VEJA TAMB\u00c9M:<\/p>\n<ul class=\"postViewMore_post-view-more-list__CU_CE\">\n<li class=\"postViewMore_post-view-more-item__2MzRb\"><img loading=\"lazy\" decoding=\"async\" class=\"imageDefault_image-item__lU2Dk\" src=\"https:\/\/www.europesays.com\/pt\/wp-content\/uploads\/2025\/11\/via-lactea-250728-380x214.jpg.webp.webp\" alt=\"Nova teoria diz que nosso universo pode ter surgido de um &quot;salto gravitacional&quot; dentro de um buraco negro colossal preexistente em um universo-pai\" width=\"72\" height=\"72\"\/><a class=\"postViewMore_post-view-more-link-hasImage__0lssj\" href=\"https:\/\/www.gazetadopovo.com.br\/lab\/universo-surgiu-dentro-buraco-negro-nova-teoria-desafia-big-bang\/?ref=veja-tambem\" title=\"Veja tamb\u00e9m: Universo surgiu dentro de um buraco negro? Nova teoria desafia o Big Bang\" rel=\"nofollow noopener\" target=\"_blank\">Universo surgiu dentro de um buraco negro? Nova teoria desafia o Big Bang<\/a><\/li>\n<\/ul>\n<p class=\"postParagraph_post-paragraph__juWZN postParagraph_post-paragraph-innerHtml__Q5vwc\">Este texto compilou dados utilizando a ferramenta<a href=\"https:\/\/notebooklm.google.com\/\" target=\"_blank\" rel=\"noreferrer noopener nofollow\">\u00a0Google NotebookLM<\/a>.<\/p>\n","protected":false},"excerpt":{"rendered":"Astr\u00f4nomos descobriram uma anomalia que questiona nossa compreens\u00e3o do universo. Telesc\u00f3pios detectaram uma distribui\u00e7\u00e3o desigual de gal\u00e1xias no&hellip;\n","protected":false},"author":2,"featured_media":154530,"comment_status":"","ping_status":"","sticky":false,"template":"","format":"standard","meta":{"footnotes":""},"categories":[84],"tags":[443,109,107,108,32,33,105,103,104,106,110],"class_list":{"0":"post-154529","1":"post","2":"type-post","3":"status-publish","4":"format-standard","5":"has-post-thumbnail","7":"category-ciencia-e-tecnologia","8":"tag-astronomia","9":"tag-ciencia","10":"tag-ciencia-e-tecnologia","11":"tag-cienciaetecnologia","12":"tag-portugal","13":"tag-pt","14":"tag-science","15":"tag-science-and-technology","16":"tag-scienceandtechnology","17":"tag-technology","18":"tag-tecnologia"},"share_on_mastodon":{"url":"https:\/\/pubeurope.com\/@pt\/115562482644804150","error":""},"_links":{"self":[{"href":"https:\/\/www.europesays.com\/pt\/wp-json\/wp\/v2\/posts\/154529","targetHints":{"allow":["GET"]}}],"collection":[{"href":"https:\/\/www.europesays.com\/pt\/wp-json\/wp\/v2\/posts"}],"about":[{"href":"https:\/\/www.europesays.com\/pt\/wp-json\/wp\/v2\/types\/post"}],"author":[{"embeddable":true,"href":"https:\/\/www.europesays.com\/pt\/wp-json\/wp\/v2\/users\/2"}],"replies":[{"embeddable":true,"href":"https:\/\/www.europesays.com\/pt\/wp-json\/wp\/v2\/comments?post=154529"}],"version-history":[{"count":0,"href":"https:\/\/www.europesays.com\/pt\/wp-json\/wp\/v2\/posts\/154529\/revisions"}],"wp:featuredmedia":[{"embeddable":true,"href":"https:\/\/www.europesays.com\/pt\/wp-json\/wp\/v2\/media\/154530"}],"wp:attachment":[{"href":"https:\/\/www.europesays.com\/pt\/wp-json\/wp\/v2\/media?parent=154529"}],"wp:term":[{"taxonomy":"category","embeddable":true,"href":"https:\/\/www.europesays.com\/pt\/wp-json\/wp\/v2\/categories?post=154529"},{"taxonomy":"post_tag","embeddable":true,"href":"https:\/\/www.europesays.com\/pt\/wp-json\/wp\/v2\/tags?post=154529"}],"curies":[{"name":"wp","href":"https:\/\/api.w.org\/{rel}","templated":true}]}}