{"id":15453,"date":"2025-08-04T11:58:08","date_gmt":"2025-08-04T11:58:08","guid":{"rendered":"https:\/\/www.europesays.com\/pt\/15453\/"},"modified":"2025-08-04T11:58:08","modified_gmt":"2025-08-04T11:58:08","slug":"para-chegar-a-champions-o-benfica-tera-de-ultrapassar-fenerbahce-ou-feyenoord-futebol-internacional","status":"publish","type":"post","link":"https:\/\/www.europesays.com\/pt\/15453\/","title":{"rendered":"Para chegar \u00e0 Champions o Benfica ter\u00e1 de ultrapassar Fenerbah\u00e7e ou Feyenoord | Futebol internacional"},"content":{"rendered":"<p>Primeiro, ultrapassar o Nice. Depois, bater o vencedor do Fenerbah\u00e7e-Feyenoord. \u00c9 este o caminho do Benfica para chegar \u00e0 fase de grupos da Liga dos Campe\u00f5es, com a defini\u00e7\u00e3o sa\u00edda do sorteio desta segunda-feira.<\/p>\n<p>Em Nyon, na Su\u00ed\u00e7a, a sorte ditou que os \u201cencarnados\u201d v\u00e3o ter de enfrentar turcos ou neerlandeses no play-off de acesso \u00e0 Champions \u2013 mas apenas caso ven\u00e7am a terceira pr\u00e9-eliminat\u00f3ria com o Nice j\u00e1 agendada para 6 e 12 de Agosto.<\/p>\n<p>As regras do sorteio definidas pela UEFA n\u00e3o ditavam muitas possibilidades: o Benfica jogaria com o vencedor do Fenerbah\u00e7e-Feyenoord ou do Rangers-Plzen \u2013 em teoria, a segunda hip\u00f3tese seria mais acess\u00edvel, mas a fortuna ditou o oposto, com poss\u00edvel duelo com Jos\u00e9 Mourinho, treinador da equipa turca. Curiosamente, <a href=\"https:\/\/www.publico.pt\/2025\/07\/26\/desporto\/cronica_de_jogo\/benfica-vence-bons-detalhes-melhorar-2141917\" rel=\"nofollow noopener\" target=\"_blank\">houve um Benfica-Fenerbah\u00e7e h\u00e1 poucos dias, na Eus\u00e9bio Cup<\/a>, e os &#8220;encarnados&#8221; venceram esse jogo particular de pr\u00e9-temporada.<\/p>\n<p>Estes jogos do play-off  est\u00e3o agendados para 19 e 26 de Agosto, o que significa que, para chegar \u00e0 principal prova de clubes da UEFA, o Benfica ter\u00e1 quatro semanas consecutivas de jogos europeus.<\/p>\n<p>        &#13;<\/p>\n<p>&#13;<br \/>\n                &#13;\n            <\/p>\n<p>&#13;<\/p>\n<p>Ficou tamb\u00e9m definido que, caso chegue a esta eliminat\u00f3ria, o Benfica jogar\u00e1 a primeira m\u00e3o fora de casa, podendo &#8220;resolver&#8221; a quest\u00e3o no Est\u00e1dio da Luz, uma semana depois.<\/p>\n<p>Ultrapassar tudo isto dar\u00e1 a evidente boa not\u00edcia desportiva de poder participar na Champions, mas d\u00e1, antes disso, a vantagem financeira: s\u00e3o um pouco mais de 16 milh\u00f5es de euros por chegar \u00e0 fase de grupos.<\/p>\n<p>Caso isto n\u00e3o aconte\u00e7a, o Benfica cair\u00e1 para a Liga Europa, onde est\u00e1 o FC Porto, e vai receber um pouco mais de quatro milh\u00f5es de euros.<\/p>\n<p><strong>Sorteio<\/strong>:<br \/>Feyenoord-Fenerbah\u00e7e vs. Nice-Benfica<br \/>Rangers-Viktoria Plzen vs. Salzburgo-Club Brugge<br \/>Ludogorets-Ferencvaros vs. Shkendija-Qarabag<br \/>Lech Poznan-Estrela Vermelha vs. D\u00ednamo Kiev-Pafos<br \/>Bodo-Sturm Graz<br \/>Celtic vs. Kairat-Slovan Bratislava<br \/>Basileia vs. Malmo-Copenhaga<\/p>\n","protected":false},"excerpt":{"rendered":"Primeiro, ultrapassar o Nice. Depois, bater o vencedor do Fenerbah\u00e7e-Feyenoord. \u00c9 este o caminho do Benfica para chegar&hellip;\n","protected":false},"author":2,"featured_media":15454,"comment_status":"","ping_status":"","sticky":false,"template":"","format":"standard","meta":{"footnotes":""},"categories":[87],"tags":[135,138,1003,32,33,3099,134],"class_list":{"0":"post-15453","1":"post","2":"type-post","3":"status-publish","4":"format-standard","5":"has-post-thumbnail","7":"category-desporto","8":"tag-desporto","9":"tag-futebol-internacional","10":"tag-liga-dos-campeoes","11":"tag-portugal","12":"tag-pt","13":"tag-sl-benfica","14":"tag-sports"},"share_on_mastodon":{"url":"","error":""},"_links":{"self":[{"href":"https:\/\/www.europesays.com\/pt\/wp-json\/wp\/v2\/posts\/15453","targetHints":{"allow":["GET"]}}],"collection":[{"href":"https:\/\/www.europesays.com\/pt\/wp-json\/wp\/v2\/posts"}],"about":[{"href":"https:\/\/www.europesays.com\/pt\/wp-json\/wp\/v2\/types\/post"}],"author":[{"embeddable":true,"href":"https:\/\/www.europesays.com\/pt\/wp-json\/wp\/v2\/users\/2"}],"replies":[{"embeddable":true,"href":"https:\/\/www.europesays.com\/pt\/wp-json\/wp\/v2\/comments?post=15453"}],"version-history":[{"count":0,"href":"https:\/\/www.europesays.com\/pt\/wp-json\/wp\/v2\/posts\/15453\/revisions"}],"wp:featuredmedia":[{"embeddable":true,"href":"https:\/\/www.europesays.com\/pt\/wp-json\/wp\/v2\/media\/15454"}],"wp:attachment":[{"href":"https:\/\/www.europesays.com\/pt\/wp-json\/wp\/v2\/media?parent=15453"}],"wp:term":[{"taxonomy":"category","embeddable":true,"href":"https:\/\/www.europesays.com\/pt\/wp-json\/wp\/v2\/categories?post=15453"},{"taxonomy":"post_tag","embeddable":true,"href":"https:\/\/www.europesays.com\/pt\/wp-json\/wp\/v2\/tags?post=15453"}],"curies":[{"name":"wp","href":"https:\/\/api.w.org\/{rel}","templated":true}]}}