{"id":154531,"date":"2025-11-17T01:40:12","date_gmt":"2025-11-17T01:40:12","guid":{"rendered":"https:\/\/www.europesays.com\/pt\/154531\/"},"modified":"2025-11-17T01:40:12","modified_gmt":"2025-11-17T01:40:12","slug":"air-fryers-estao-em-alta-e-entre-os-eletrodomesticos-mais-vendidos","status":"publish","type":"post","link":"https:\/\/www.europesays.com\/pt\/154531\/","title":{"rendered":"Air fryers est\u00e3o em alta e entre os eletrodom\u00e9sticos mais vendidos"},"content":{"rendered":"<p data-remotead-prev-elm=\"true\" data-remotead-elm-id=\"inread\">Nas lojas de eletrodom\u00e9sticos, ocupam os lugares com mais destaque e os n\u00fameros falam por si. A Worten adianta ao JN que as air fryers &#8220;registaram um verdadeiro boom nos primeiros anos ap\u00f3s o lan\u00e7amento dos equipamentos em Portugal&#8221; e, neste momento, &#8220;continuam a ser um produto muito relevante&#8221;. &#8220;Atualmente, o que verificamos \u00e9 sobretudo uma din\u00e2mica de reposi\u00e7\u00e3o: muitos clientes procuram trocar a sua air fryer por modelos mais atuais, com maior capacidade e caracter\u00edsticas t\u00e9cnicas mais avan\u00e7adas&#8221;, avan\u00e7a Margarida Monteiro, gerente da unidade de neg\u00f3cios da Worten, notando que 40% das vendas na categoria de pequenos eletrodom\u00e9sticos s\u00e3o relativas a este produto.<\/p>\n","protected":false},"excerpt":{"rendered":"Nas lojas de eletrodom\u00e9sticos, ocupam os lugares com mais destaque e os n\u00fameros falam por si. A Worten&hellip;\n","protected":false},"author":2,"featured_media":154532,"comment_status":"","ping_status":"","sticky":false,"template":"","format":"standard","meta":{"footnotes":""},"categories":[10],"tags":[27,28,4212,476,8224,15,16,14,25,26,21,22,619,12,13,19,20,32,23,24,33,17,18,29,30,31,1183],"class_list":{"0":"post-154531","1":"post","2":"type-post","3":"status-publish","4":"format-standard","5":"has-post-thumbnail","7":"category-portugal","8":"tag-breaking-news","9":"tag-breakingnews","10":"tag-consumo","11":"tag-economia","12":"tag-eletrodomesticos","13":"tag-featured-news","14":"tag-featurednews","15":"tag-headlines","16":"tag-latest-news","17":"tag-latestnews","18":"tag-main-news","19":"tag-mainnews","20":"tag-nacional","21":"tag-news","22":"tag-noticias","23":"tag-noticias-principais","24":"tag-noticiasprincipais","25":"tag-portugal","26":"tag-principais-noticias","27":"tag-principaisnoticias","28":"tag-pt","29":"tag-top-stories","30":"tag-topstories","31":"tag-ultimas","32":"tag-ultimas-noticias","33":"tag-ultimasnoticias","34":"tag-vendas"},"share_on_mastodon":{"url":"https:\/\/pubeurope.com\/@pt\/115562494243328336","error":""},"_links":{"self":[{"href":"https:\/\/www.europesays.com\/pt\/wp-json\/wp\/v2\/posts\/154531","targetHints":{"allow":["GET"]}}],"collection":[{"href":"https:\/\/www.europesays.com\/pt\/wp-json\/wp\/v2\/posts"}],"about":[{"href":"https:\/\/www.europesays.com\/pt\/wp-json\/wp\/v2\/types\/post"}],"author":[{"embeddable":true,"href":"https:\/\/www.europesays.com\/pt\/wp-json\/wp\/v2\/users\/2"}],"replies":[{"embeddable":true,"href":"https:\/\/www.europesays.com\/pt\/wp-json\/wp\/v2\/comments?post=154531"}],"version-history":[{"count":0,"href":"https:\/\/www.europesays.com\/pt\/wp-json\/wp\/v2\/posts\/154531\/revisions"}],"wp:featuredmedia":[{"embeddable":true,"href":"https:\/\/www.europesays.com\/pt\/wp-json\/wp\/v2\/media\/154532"}],"wp:attachment":[{"href":"https:\/\/www.europesays.com\/pt\/wp-json\/wp\/v2\/media?parent=154531"}],"wp:term":[{"taxonomy":"category","embeddable":true,"href":"https:\/\/www.europesays.com\/pt\/wp-json\/wp\/v2\/categories?post=154531"},{"taxonomy":"post_tag","embeddable":true,"href":"https:\/\/www.europesays.com\/pt\/wp-json\/wp\/v2\/tags?post=154531"}],"curies":[{"name":"wp","href":"https:\/\/api.w.org\/{rel}","templated":true}]}}