{"id":154535,"date":"2025-11-17T01:45:13","date_gmt":"2025-11-17T01:45:13","guid":{"rendered":"https:\/\/www.europesays.com\/pt\/154535\/"},"modified":"2025-11-17T01:45:13","modified_gmt":"2025-11-17T01:45:13","slug":"secret-story-cristina-ferreira-anuncia-novidade-a-estrear-se-numa-gala-de-domingo","status":"publish","type":"post","link":"https:\/\/www.europesays.com\/pt\/154535\/","title":{"rendered":"Secret Story&#8221;. Cristina Ferreira anuncia novidade: &#8220;A estrear-se numa gala de domingo"},"content":{"rendered":"<p><a href=\"https:\/\/selfie.iol.pt\/famosos\/cristina-ferreira\/cristina-ferreira-revela-curiosidade-sobre-o-filho-adolescente-chegou-do-futebol-e-hoje\/20251106\/690c5427d34e3caad84af5de\" target=\"_blank\" wbo-id=\"59\" rel=\"nofollow noopener\">Cristina Ferreira<\/a>\u00a0conduz a d\u00e9cima gala de &#8220;<a href=\"https:\/\/tvi.iol.pt\/secretstory\/\" target=\"_blank\" wbo-id=\"60\" rel=\"nofollow noopener\">Secret Story &#8211; Casa dos Segredos<\/a>&#8220;, numa noite que ditar\u00e1 a sa\u00edda de um dos concorrentes do jogo.<\/p>\n<p>Para este momento especial, a apresentadora, de 48 anos, optou por um vestido roxo, comprido e com alguns detalhes especiais, como o la\u00e7o na zona da anca e uma capa.<\/p>\n<p>No Instagram, Cristina Ferreira partilhou as primeiras imagens do look&#8230; e anunciou uma novidade. &#8220;We.\u00a0 A estrear-se numa gala de domingo&#8221;, assinalou, <a href=\"https:\/\/selfie.iol.pt\/famosos\/cristina-ferreira\/o-veu-da-noiva-o-bolo-de-casamento-e-o-beijo-so-se-fala-no-anuncio-de-cristina-ferreira-e-joao-monteiro\/20251114\/69178860d34e2bd5c6d407dc\" target=\"_blank\" rel=\"nofollow noopener\">referindo-se \u00e0 gama de perfumes que a pr\u00f3pria lan\u00e7ou na passada sexta-feira, dia 14.<\/a><\/p>\n<p>Veja, agora, a imagem do\u00a0look\u00a0de Cristina Ferreira na galeria de fotografias que prepar\u00e1mos para si.<\/p>\n","protected":false},"excerpt":{"rendered":"Cristina Ferreira\u00a0conduz a d\u00e9cima gala de &#8220;Secret Story &#8211; Casa dos Segredos&#8220;, numa noite que ditar\u00e1 a sa\u00edda&hellip;\n","protected":false},"author":2,"featured_media":154536,"comment_status":"","ping_status":"","sticky":false,"template":"","format":"standard","meta":{"footnotes":""},"categories":[142],"tags":[2632,166,114,115,980,1015,619,32,33,1014,1315,1012,151,162],"class_list":{"0":"post-154535","1":"post","2":"type-post","3":"status-publish","4":"format-standard","5":"has-post-thumbnail","7":"category-tv","8":"tag-casa-dos-segredos","9":"tag-cristina-ferreira","10":"tag-entertainment","11":"tag-entretenimento","12":"tag-famosos","13":"tag-instagram","14":"tag-nacional","15":"tag-portugal","16":"tag-pt","17":"tag-reality-show","18":"tag-secret-story","19":"tag-selfie","20":"tag-tv","21":"tag-tvi"},"share_on_mastodon":{"url":"https:\/\/pubeurope.com\/@pt\/115562514034253600","error":""},"_links":{"self":[{"href":"https:\/\/www.europesays.com\/pt\/wp-json\/wp\/v2\/posts\/154535","targetHints":{"allow":["GET"]}}],"collection":[{"href":"https:\/\/www.europesays.com\/pt\/wp-json\/wp\/v2\/posts"}],"about":[{"href":"https:\/\/www.europesays.com\/pt\/wp-json\/wp\/v2\/types\/post"}],"author":[{"embeddable":true,"href":"https:\/\/www.europesays.com\/pt\/wp-json\/wp\/v2\/users\/2"}],"replies":[{"embeddable":true,"href":"https:\/\/www.europesays.com\/pt\/wp-json\/wp\/v2\/comments?post=154535"}],"version-history":[{"count":0,"href":"https:\/\/www.europesays.com\/pt\/wp-json\/wp\/v2\/posts\/154535\/revisions"}],"wp:featuredmedia":[{"embeddable":true,"href":"https:\/\/www.europesays.com\/pt\/wp-json\/wp\/v2\/media\/154536"}],"wp:attachment":[{"href":"https:\/\/www.europesays.com\/pt\/wp-json\/wp\/v2\/media?parent=154535"}],"wp:term":[{"taxonomy":"category","embeddable":true,"href":"https:\/\/www.europesays.com\/pt\/wp-json\/wp\/v2\/categories?post=154535"},{"taxonomy":"post_tag","embeddable":true,"href":"https:\/\/www.europesays.com\/pt\/wp-json\/wp\/v2\/tags?post=154535"}],"curies":[{"name":"wp","href":"https:\/\/api.w.org\/{rel}","templated":true}]}}