{"id":154537,"date":"2025-11-17T01:46:19","date_gmt":"2025-11-17T01:46:19","guid":{"rendered":"https:\/\/www.europesays.com\/pt\/154537\/"},"modified":"2025-11-17T01:46:19","modified_gmt":"2025-11-17T01:46:19","slug":"bandalheira-ao-lado-da-floresta-radio-rural","status":"publish","type":"post","link":"https:\/\/www.europesays.com\/pt\/154537\/","title":{"rendered":"BANDALHEIRA AO LADO DA FLORESTA &#8211; R\u00e1dio Rural"},"content":{"rendered":"<ol>\n<li><a href=\"https:\/\/news.google.com\/rss\/articles\/CBMiggFBVV95cUxQS1VqVFpIVzhuSlBwSEZDM1hPdU03R0wwMHBnWEtsUXB1ZGdiTzFOaTFNUTM2TmRNZk9Edkllc2JucFp4VzJ6OURYeXN4endpNk1mRndaZktKVFFuOUxtcTdLeDVqTkR2SlVXbVIzNjdGZWt4LThmMU1FblF6eHh5UlJR?oc=5\" target=\"_blank\" rel=\"nofollow noopener\">BANDALHEIRA AO LADO DA FLORESTA<\/a>&nbsp;&nbsp;R\u00e1dio Rural<\/li>\n<li><a href=\"https:\/\/news.google.com\/rss\/articles\/CBMihwFBVV95cUxQYTdiUmZrRWE3UUY3b0RlYWIwOFNFdmtEa3h2SmdVQ2ZhVGlFN3FhaVZiWkxHQjlkMlhlekVCVlNJWnBrR2JGS21qbDBYMTZrbkxlaWVSY01LQW1POTZtamh1ZGN3eF9uWkRubWRwRUJFVG9CZDROM2VaU3hYYmk0U0ppUUkteG8?oc=5\" target=\"_blank\" rel=\"nofollow noopener\">Opini\u00e3o | O pre\u00e7o de n\u00e3o estar na COP-30<\/a>&nbsp;&nbsp;Estad\u00e3o<\/li>\n<li><a href=\"https:\/\/news.google.com\/rss\/articles\/CBMidEFVX3lxTE5hRVBIU0FiMXBzYTdGZjdCcWxXVGlYdUVhU25JeWNXZ1BuWnpKM3d4VGdiV3hWM2hXSUxKU3NfeVZfUVFmbWhaeGJpNlZLd3h6RTNUVjk5U180RTdmLTZjSGVyR28yLWhsRkZNemIxRzFmR3JD?oc=5\" target=\"_blank\" rel=\"nofollow noopener\">As escavadeiras da salva\u00e7\u00e3o<\/a>&nbsp;&nbsp;Tribuna do Norte<\/li>\n<li><a href=\"https:\/\/news.google.com\/rss\/articles\/CBMi1wFBVV95cUxNcWVUUnp1cWQ2ODZPdUhVZWxzSW9HUGd2a1ZRcFlrcUQwNzBSbmlOZHpxeW5YRjRxLTF6QWJjWVJHSmtERmQ5b2ZlZzdETE93bndYWm1OSWZNVWNmSzJRMS1vbzFMVmZZUFByTzAwUUVzMWpKQ01fVGl6NWp5WkpUbm13TG1pWkdtMU5SZ2FHSl9FYUlqWWJKeE9nUEtJUGxRcG5CM0dPZGNoZmRubVZLejVLdWRJc2c0RTQ3dlhuY1lzMlA0R1FudzZNb3JsX0FJazlLTVRraw?oc=5\" target=\"_blank\" rel=\"nofollow noopener\">Cidades em combust\u00e3o: a contradi\u00e7\u00e3o entre a COP e a imobilidade brasileira<\/a>&nbsp;&nbsp;Brasil de Fato<\/li>\n<li><a href=\"https:\/\/news.google.com\/rss\/articles\/CBMiqwFBVV95cUxNVFlrVGxnUGJMVjc5aUx5N1R0dEJtUVZGVERkLS1ScVpJRTZPNG1lSmQwQnN5VjQzQ090Smd5SndPMDJVVWJnU0NhUGljZXozbmpVcEFHQ3RwVkdBS2hMQ0FWeTZsTXEyd2NPMGRIdVRhRkNManRoeEd3c3dINEpmN3dFM2szWVpBdWRvQVdaUS1JYmQ0QlJMdEwyT19KM21vbWhMbmNIcTc2RWPSAbABQVVfeXFMUE5vcFFYejRZUGFMbU55VFBOZDhsdG1SNTEzUW1rVHRfeUs2Skd5TjJfdmNCazRIcTc5dmVQNXNlejNncHFucnF3WGN4NUdOWHJwUUlkRGZaLUUwSmJFOWh0MjlpVnBVaFJyVmxZWi1lQ2toX2pUQzV3MGN2SVhBcE5wYTFyaVJfdGVldTZITXdnbzlMd3QwSlNvcVdIWjlHSjR2VVVXUHJXYm4zWi1UbnI?oc=5\" target=\"_blank\" rel=\"nofollow noopener\">Os trope\u00e7os da COP-30 e o avan\u00e7o do trabalho sem v\u00ednculo<\/a>&nbsp;&nbsp;O TEMPO<\/li>\n<\/ol>\n","protected":false},"excerpt":{"rendered":"BANDALHEIRA AO LADO DA FLORESTA&nbsp;&nbsp;R\u00e1dio Rural Opini\u00e3o | O pre\u00e7o de n\u00e3o estar na COP-30&nbsp;&nbsp;Estad\u00e3o As escavadeiras da&hellip;\n","protected":false},"author":2,"featured_media":154538,"comment_status":"","ping_status":"","sticky":false,"template":"","format":"standard","meta":{"footnotes":""},"categories":[141],"tags":[562,726,2733,2731,476,539,2258,114,115,1062,986,2732,149,150,1086,52,32,33,3551,117],"class_list":{"0":"post-154537","1":"post","2":"type-post","3":"status-publish","4":"format-standard","5":"has-post-thumbnail","7":"category-musica","8":"tag-agricultura","9":"tag-brasil","10":"tag-carnaval","11":"tag-dicas-do-dia","12":"tag-economia","13":"tag-educacao","14":"tag-eleicoes","15":"tag-entertainment","16":"tag-entretenimento","17":"tag-esportes","18":"tag-estado","19":"tag-geral","20":"tag-music","21":"tag-musica","22":"tag-policia","23":"tag-politica","24":"tag-portugal","25":"tag-pt","26":"tag-regiao","27":"tag-saude"},"share_on_mastodon":{"url":"https:\/\/pubeurope.com\/@pt\/115562517860367201","error":""},"_links":{"self":[{"href":"https:\/\/www.europesays.com\/pt\/wp-json\/wp\/v2\/posts\/154537","targetHints":{"allow":["GET"]}}],"collection":[{"href":"https:\/\/www.europesays.com\/pt\/wp-json\/wp\/v2\/posts"}],"about":[{"href":"https:\/\/www.europesays.com\/pt\/wp-json\/wp\/v2\/types\/post"}],"author":[{"embeddable":true,"href":"https:\/\/www.europesays.com\/pt\/wp-json\/wp\/v2\/users\/2"}],"replies":[{"embeddable":true,"href":"https:\/\/www.europesays.com\/pt\/wp-json\/wp\/v2\/comments?post=154537"}],"version-history":[{"count":0,"href":"https:\/\/www.europesays.com\/pt\/wp-json\/wp\/v2\/posts\/154537\/revisions"}],"wp:featuredmedia":[{"embeddable":true,"href":"https:\/\/www.europesays.com\/pt\/wp-json\/wp\/v2\/media\/154538"}],"wp:attachment":[{"href":"https:\/\/www.europesays.com\/pt\/wp-json\/wp\/v2\/media?parent=154537"}],"wp:term":[{"taxonomy":"category","embeddable":true,"href":"https:\/\/www.europesays.com\/pt\/wp-json\/wp\/v2\/categories?post=154537"},{"taxonomy":"post_tag","embeddable":true,"href":"https:\/\/www.europesays.com\/pt\/wp-json\/wp\/v2\/tags?post=154537"}],"curies":[{"name":"wp","href":"https:\/\/api.w.org\/{rel}","templated":true}]}}