{"id":154541,"date":"2025-11-17T01:49:16","date_gmt":"2025-11-17T01:49:16","guid":{"rendered":"https:\/\/www.europesays.com\/pt\/154541\/"},"modified":"2025-11-17T01:49:16","modified_gmt":"2025-11-17T01:49:16","slug":"imobiliarias-de-jacarei-recebem-alertas-sobre-cuidados-de-prevencao-a-dengue","status":"publish","type":"post","link":"https:\/\/www.europesays.com\/pt\/154541\/","title":{"rendered":"Imobili\u00e1rias de Jacare\u00ed recebem alertas sobre cuidados de preven\u00e7\u00e3o \u00e0 dengue"},"content":{"rendered":"<p>\t\t\t\t\t<a class=\"eb-image-viewport\"><br \/>\n\t\t\t\t\t<img decoding=\"async\" src=\"https:\/\/www.europesays.com\/pt\/wp-content\/uploads\/2025\/11\/b2ap3_large_Imobiliarias-Dengue-pmj.jpg\"\/><br \/>\n\t\t<\/a><\/p>\n<p>\n\t\t\tO encontro com representantes desse segmento foi realizado no audit\u00f3rio do Pa\u00e7o Municipal. Foto- Divulga\u00e7\u00e3o\/PMJ\n\t\t<\/p>\n<p>A Prefeitura de Jacare\u00ed, por meio das secretarias de Sa\u00fade e Desenvolvimento Econ\u00f4mico, reuniu representantes do setor imobili\u00e1rio,\u00a0na \u00faltima sexta-feira (14), para abordar medidas de preven\u00e7\u00e3o \u00e0 dissemina\u00e7\u00e3o da dengue. O encontro com representantes desse segmento foi realizado no audit\u00f3rio do Pa\u00e7o Municipal.<\/p>\n<p><a href=\"https:\/\/whatsapp.com\/channel\/0029VaAdlTM7z4koWTmyfw3H\" title=\"\" class=\"\" target=\"_blank\" rel=\"noopener noreferrer nofollow\">Clique aqui para participar do canal do <strong>Di\u00e1rio de Jacare\u00ed <\/strong>no WhatsApp e receber not\u00edcias em tempo real.<\/a><\/p>\n<p> A iniciativa foi ministrada por t\u00e9cnicos da Vigil\u00e2ncia em Sa\u00fade, que apresentaram dados atualizados sobre os registros de dengue no munic\u00edpio, medidas de preven\u00e7\u00e3o e indicaram maneiras em que o setor poderia corroborar com o quadro, j\u00e1 que os profissionais t\u00eam acesso a diferentes tipos de im\u00f3veis diariamente.<\/p>\n<p>Entre os principais problemas enfrentados em resid\u00eancias vazias, os t\u00e9cnicos apontam ac\u00famulo de \u00e1gua parada, comum ap\u00f3s per\u00edodos de chuva. Em im\u00f3veis vazios, piscinas em estado de abandono tamb\u00e9m podem ser prejudiciais.<\/p>\n<p>&#8220;A dengue \u00e9 uma doen\u00e7a que exige uma mobiliza\u00e7\u00e3o conjunta entre o munic\u00edpio e a popula\u00e7\u00e3o. Neste sentido, esse olhar setorizado das imobili\u00e1rias pode ser um ganho extra na nossa luta contra o mosquito. A conscientiza\u00e7\u00e3o \u00e9 o passo mais importante para eliminarmos os criadouros e preservarmos vidas&#8221;, afirmou o diretor de Vigil\u00e2ncia em Sa\u00fade, Daniel Freitas.<\/p>\n<p><b data-redactor-tag=\"b\">OUTRAS A\u00c7\u00d5ES<br \/><\/b>Nos \u00faltimos dias, o munic\u00edpio realizou monitoramento de poss\u00edveis focos via drone no Parque Santo Ant\u00f4nio e Jardim Para\u00edso; visita casa a casa no Parque Santo Ant\u00f4nio e nos bairros Jardim Para\u00edba e Cidade Salvador; nebuliza\u00e7\u00e3o costal no Bandeira Branca e no Jardim Santa Marina, al\u00e9m da Opera\u00e7\u00e3o &#8216;Cata-Treco&#8217; no Lagoa Azul, Pagador Andrade, Jardim Calif\u00f3rnia, Jardim Luiza e no Jardim Marcondes.\u00a0<\/p>\n","protected":false},"excerpt":{"rendered":"O encontro com representantes desse segmento foi realizado no audit\u00f3rio do Pa\u00e7o Municipal. Foto- Divulga\u00e7\u00e3o\/PMJ A Prefeitura de&hellip;\n","protected":false},"author":2,"featured_media":154542,"comment_status":"","ping_status":"","sticky":false,"template":"","format":"standard","meta":{"footnotes":""},"categories":[86],"tags":[1300,116,32,33,117],"class_list":{"0":"post-154541","1":"post","2":"type-post","3":"status-publish","4":"format-standard","5":"has-post-thumbnail","7":"category-saude","8":"tag-cidade","9":"tag-health","10":"tag-portugal","11":"tag-pt","12":"tag-saude"},"share_on_mastodon":{"url":"https:\/\/pubeurope.com\/@pt\/115562529831946297","error":""},"_links":{"self":[{"href":"https:\/\/www.europesays.com\/pt\/wp-json\/wp\/v2\/posts\/154541","targetHints":{"allow":["GET"]}}],"collection":[{"href":"https:\/\/www.europesays.com\/pt\/wp-json\/wp\/v2\/posts"}],"about":[{"href":"https:\/\/www.europesays.com\/pt\/wp-json\/wp\/v2\/types\/post"}],"author":[{"embeddable":true,"href":"https:\/\/www.europesays.com\/pt\/wp-json\/wp\/v2\/users\/2"}],"replies":[{"embeddable":true,"href":"https:\/\/www.europesays.com\/pt\/wp-json\/wp\/v2\/comments?post=154541"}],"version-history":[{"count":0,"href":"https:\/\/www.europesays.com\/pt\/wp-json\/wp\/v2\/posts\/154541\/revisions"}],"wp:featuredmedia":[{"embeddable":true,"href":"https:\/\/www.europesays.com\/pt\/wp-json\/wp\/v2\/media\/154542"}],"wp:attachment":[{"href":"https:\/\/www.europesays.com\/pt\/wp-json\/wp\/v2\/media?parent=154541"}],"wp:term":[{"taxonomy":"category","embeddable":true,"href":"https:\/\/www.europesays.com\/pt\/wp-json\/wp\/v2\/categories?post=154541"},{"taxonomy":"post_tag","embeddable":true,"href":"https:\/\/www.europesays.com\/pt\/wp-json\/wp\/v2\/tags?post=154541"}],"curies":[{"name":"wp","href":"https:\/\/api.w.org\/{rel}","templated":true}]}}