{"id":154545,"date":"2025-11-17T01:54:11","date_gmt":"2025-11-17T01:54:11","guid":{"rendered":"https:\/\/www.europesays.com\/pt\/154545\/"},"modified":"2025-11-17T01:54:11","modified_gmt":"2025-11-17T01:54:11","slug":"protestos-dos-bombeiros-liga-quer-novas-medidas-ate-janeiro","status":"publish","type":"post","link":"https:\/\/www.europesays.com\/pt\/154545\/","title":{"rendered":"Protestos dos bombeiros. Liga quer novas medidas at\u00e9 janeiro"},"content":{"rendered":"<p>&#13;<br \/>\n<b>&#8220;Sabemos que muitas destas medidas t\u00eam a ver com quest\u00f5es or\u00e7amentais, o que leva sempre a uma dificuldade acrescida&#8221;<\/b>, afirmou Ant\u00f3nio Nunes, que acredita que &#8220;quer o Governo, que a pr\u00f3pria Liga, hoje j\u00e1 chegou aos processos finais&#8221;.<\/p>\n<p>          <img decoding=\"async\" itemprop=\"image\" class=\"img-fluid\"   src=\"https:\/\/www.europesays.com\/pt\/wp-content\/uploads\/2025\/11\/3b69b326fdef88026eaff52e9fad815b_N.jpg\"\/><\/p>\n<p>&#13;<br \/>\nO secret\u00e1rio de Estado da Prote\u00e7\u00e3o Civil anunciou que h\u00e1 avan\u00e7os na carreira de bombeiro, at\u00e9 ao primeiro trimestre de 2026, o que poder\u00e1 adiar os protestos anunciados pela Liga.<b><br \/>&#13;<br \/>\n<\/b>&#13;\n<\/p>\n<p>&#13;<br \/>\n<b>&#8220;O secret\u00e1rio de Estado [da Prote\u00e7\u00e3o Civil, Rui Rocha] apontou duas metas que s\u00e3o importantes: o primeiro trimestre de 2026, mas que at\u00e9 ao final do ano n\u00f3s j\u00e1 t\u00ednhamos documentos importantes na m\u00e3o, como a diretiva para o combate aos inc\u00eandios florestais&#8221;<\/b>, disse o presidente da Liga dos Bombeiros Portugueses (LBP).&#13;\n<\/p>\n<p>&#13;<br \/>\nNo congresso da LBP j\u00e1 tinham sido aprovados esta manh\u00e3 protestos face \u00e0 aus\u00eancia de resposta do Governo \u00e0s reivindica\u00e7\u00f5es dos bombeiros.&#13;\n<\/p>\n<p>&#13;<br \/>\n&#8220;O nosso `timing` seria o final do ano&#8221;, disse Ant\u00f3nio Nunes, considerando que face &#8220;aos sinais&#8221; dados hoje pelo governante, os protestos poder\u00e3o ser adiados.&#13;\n<\/p>\n<p>&#13;<br \/>\n<b>&#8220;Se em janeiro n\u00e3o tivermos [respostas], mas tivermos a convic\u00e7\u00e3o de que \u00e9 em fevereiro, nada acontecer\u00e1&#8221;<\/b>, mas, &#8220;se come\u00e7ar a vir a quest\u00e3o de \u00e9 para o pr\u00f3ximo or\u00e7amento, \u00e9 para o pr\u00f3ximo ano, n\u00f3s n\u00e3o vamos aceitar&#8221;, afirmou o presidente da Liga, admitindo que, nesse caso, os bombeiros poder\u00e3o avan\u00e7ar com os protestos decididos em congresso.&#13;\n<\/p>\n<p>&#13;<br \/>\nRui Rocha afirmou, no encerramento do 45.\u00ba Congresso Nacional da Liga, em Alcoba\u00e7a, que <b>o Governo est\u00e1 a elaborar &#8220;a estrutura da carreira e a sua correla\u00e7\u00e3o com as leis laborais para todos aqueles que t\u00eam encontrado trabalho com as Associa\u00e7\u00f5es Humanit\u00e1rias de Bombeiros Volunt\u00e1rios&#8221;, cuja primeira fase dever\u00e1 ficar conclu\u00edda &#8220;at\u00e9 ao final do primeiro trimestre de 2026&#8221;<\/b>.&#13;\n<\/p>\n<p>&#13;<br \/>\nDe acordo com o secret\u00e1rio de Estado da Prote\u00e7\u00e3o Civil, o Governo est\u00e1 tamb\u00e9m &#8220;em fase final da revis\u00e3o da Lei Org\u00e2nica da Autoridade Nacional de Emerg\u00eancia e Prote\u00e7\u00e3o Civil&#8221;, cujo modelo pretende ter em vigor no pr\u00f3ximo DECIR (Dispositivo Especial de Combate a Inc\u00eandios Rurais) &#8220;alicer\u00e7ado num novo paradigma organizacional que permitir\u00e1 refor\u00e7ar a participa\u00e7\u00e3o dos bombeiros na estrutura nacional, criar condi\u00e7\u00f5es para uma coordena\u00e7\u00e3o mais eficiente e garantir coer\u00eancia territorial e funcional do sistema&#8221;.&#13;\n<\/p>\n<p>&#13;<br \/>\nDeixou ainda a garantia de que o Governo pretende avan\u00e7ar com respostas a outras reivindica\u00e7\u00f5es dos bombeiros, como a assinatura de contratos-programa para financiamento das associa\u00e7\u00f5es humanit\u00e1rias, a profissionaliza\u00e7\u00e3o das equipas de primeira interven\u00e7\u00e3o e cria\u00e7\u00e3o de uma plataforma digital que agilize o ressarcimento das despesas \u00e0s associa\u00e7\u00f5es humanit\u00e1rias&#8221; no \u00e2mbito o do DECIR 2026.&#13;\n<\/p>\n<p>&#13;<br \/>\nRui Rocha reconheceu que &#8220;as expectativas s\u00e3o muitas, os problemas s\u00e3o reais e as solu\u00e7\u00f5es s\u00e3o complexas&#8221;, e deixou uma certeza:&#8221;este Governo est\u00e1 atento, est\u00e1 presente e est\u00e1 comprometido com reformas que n\u00e3o ser\u00e3o cosm\u00e9ticas, mas estruturais&#8221;.&#13;<br \/>\n&#13;\n<\/p>\n<p>&#13;<br \/>\nO plano de a\u00e7\u00e3o que o Governo tem para a prote\u00e7\u00e3o civil &#8220;s\u00f3 faz sentido com os bombeiros dentro, ao lado e \u00e0 frente&#8221;, concluiu o secret\u00e1rio de Estado.&#13;\n<\/p>\n<p>&#13;<br \/>\nAs garantias do governante foram dadas depois de, no seu discurso, o presidente da LBP, Ant\u00f3nio Nunes, ter frisado que os bombeiros est\u00e3o cansados de diagn\u00f3sticos e promessas e apelar ao secret\u00e1rio de Estado para dar &#8220;datas&#8221; concretas.&#13;\n<\/p>\n<p>&#13;<br \/>\nNo final do Congresso Ant\u00f3nio Nunes reconheceu \u00e0 ag\u00eancia Lusa que &#8220;o Governo deu alguns sinais&#8221;.&#13;\n<\/p>\n<p>&#13;<br \/>\n<b>&#8220;O que temos que fazer \u00e9 quando existe o mesmo objetivo, mas velocidades diferentes, \u00e9 adaptar as velocidades&#8221;<\/b>, disse o presidente da LBP, vincando que as negocia\u00e7\u00f5es poder\u00e3o n\u00e3o andar \u00e0 velocidade que os bombeiros pretendiam, mas que estes tamb\u00e9m n\u00e3o ir\u00e3o &#8220;aceitar a velocidade&#8221; que lhes querem impor.&#13;\n<\/p>\n<p>&#13;<br \/>\n&#8220;Num processo de negocia\u00e7\u00e3o h\u00e1 sempre que fazer ced\u00eancias. Aqui j\u00e1 nos est\u00e3o s\u00f3 a pedir ced\u00eancias de tempo, j\u00e1 n\u00e3o nos est\u00e3o a pedir ced\u00eancias naquilo que s\u00e3o os objetivos finais, o que \u00e9 um avan\u00e7o muito significativo&#8221;, afirmou considerando os anuncio feitos tanto pelo secret\u00e1rio de Estado hoje, como pelo primeiro-ministro, Luis Montenegro, no s\u00e1bado.&#13;\n<\/p>\n<p>&#13;<br \/>\nAnt\u00f3nio Nunes, deixou, no entanto, uma garantia: &#8220;a Liga dos Bombeiros Portugueses n\u00e3o vai deixar cair o assunto&#8221; e continuar\u00e1 &#8220;a insistir &#8221; porque &#8220;\u00e9 absolutamente indispens\u00e1vel que os bombeiros portugueses sejam respeitados&#8221;.&#13;\n<\/p>\n<p>&#13;<br \/>\n<b>Lu\u00eds Montenegro n\u00e3o comenta a decis\u00e3o anunciada no Congresso Nacional da Liga de bombeiros de avan\u00e7ar com protestos.<br \/>\n          <img decoding=\"async\" itemprop=\"image\" class=\"img-fluid\"   src=\"https:\/\/www.europesays.com\/pt\/wp-content\/uploads\/2025\/11\/cd7c02210b931daf46418a3ef651e42c_N.jpg\"\/><\/p>\n<p><\/b>&#13;\n<\/p>\n<p>&#13;<br \/>\nO 45.\u00ba Congresso Nacional da Liga decorreu em Alcoba\u00e7a, com a participa\u00e7\u00e3o de cerca de 700 inscritos.&#13;\n<\/p>\n<p>&#13;<br \/>\n\u00a0&#13;\n<\/p>\n<p>&#13;<br \/>\nC\/Lusa&#13;<\/p>\n","protected":false},"excerpt":{"rendered":"&#13; &#8220;Sabemos que muitas destas medidas t\u00eam a ver com quest\u00f5es or\u00e7amentais, o que leva sempre a uma&hellip;\n","protected":false},"author":2,"featured_media":154546,"comment_status":"","ping_status":"","sticky":false,"template":"","format":"standard","meta":{"footnotes":""},"categories":[10],"tags":[27,28,33283,15,16,14,25,26,27215,21,22,12,13,19,20,29366,32,23,24,6821,33,17,18,29,30,31],"class_list":{"0":"post-154545","1":"post","2":"type-post","3":"status-publish","4":"format-standard","5":"has-post-thumbnail","7":"category-portugal","8":"tag-breaking-news","9":"tag-breakingnews","10":"tag-decir","11":"tag-featured-news","12":"tag-featurednews","13":"tag-headlines","14":"tag-latest-news","15":"tag-latestnews","16":"tag-lbp","17":"tag-main-news","18":"tag-mainnews","19":"tag-news","20":"tag-noticias","21":"tag-noticias-principais","22":"tag-noticiasprincipais","23":"tag-nunes","24":"tag-portugal","25":"tag-principais-noticias","26":"tag-principaisnoticias","27":"tag-protecao","28":"tag-pt","29":"tag-top-stories","30":"tag-topstories","31":"tag-ultimas","32":"tag-ultimas-noticias","33":"tag-ultimasnoticias"},"share_on_mastodon":{"url":"https:\/\/pubeurope.com\/@pt\/115562549433343177","error":""},"_links":{"self":[{"href":"https:\/\/www.europesays.com\/pt\/wp-json\/wp\/v2\/posts\/154545","targetHints":{"allow":["GET"]}}],"collection":[{"href":"https:\/\/www.europesays.com\/pt\/wp-json\/wp\/v2\/posts"}],"about":[{"href":"https:\/\/www.europesays.com\/pt\/wp-json\/wp\/v2\/types\/post"}],"author":[{"embeddable":true,"href":"https:\/\/www.europesays.com\/pt\/wp-json\/wp\/v2\/users\/2"}],"replies":[{"embeddable":true,"href":"https:\/\/www.europesays.com\/pt\/wp-json\/wp\/v2\/comments?post=154545"}],"version-history":[{"count":0,"href":"https:\/\/www.europesays.com\/pt\/wp-json\/wp\/v2\/posts\/154545\/revisions"}],"wp:featuredmedia":[{"embeddable":true,"href":"https:\/\/www.europesays.com\/pt\/wp-json\/wp\/v2\/media\/154546"}],"wp:attachment":[{"href":"https:\/\/www.europesays.com\/pt\/wp-json\/wp\/v2\/media?parent=154545"}],"wp:term":[{"taxonomy":"category","embeddable":true,"href":"https:\/\/www.europesays.com\/pt\/wp-json\/wp\/v2\/categories?post=154545"},{"taxonomy":"post_tag","embeddable":true,"href":"https:\/\/www.europesays.com\/pt\/wp-json\/wp\/v2\/tags?post=154545"}],"curies":[{"name":"wp","href":"https:\/\/api.w.org\/{rel}","templated":true}]}}