{"id":154547,"date":"2025-11-17T01:56:08","date_gmt":"2025-11-17T01:56:08","guid":{"rendered":"https:\/\/www.europesays.com\/pt\/154547\/"},"modified":"2025-11-17T01:56:08","modified_gmt":"2025-11-17T01:56:08","slug":"carolina-deslandes-pede-desculpa-apos-partilhar-video-do-pequeno-sebastiao-perdoem","status":"publish","type":"post","link":"https:\/\/www.europesays.com\/pt\/154547\/","title":{"rendered":"Carolina Deslandes &#8211; Pede desculpa ap\u00f3s partilhar v\u00eddeo do pequeno Sebasti\u00e3o: &#8220;Perdoem&#8230;&#8221;"},"content":{"rendered":"<p><strong>Carolina Deslandes<\/strong> foi m\u00e3e pela quarta vez no final de outubro. Cada vez mais rendida ao pequeno <strong>Sebasti\u00e3o<\/strong>, a cantora tem partilhado alguns v\u00eddeos do menino nas redes sociais.<\/p>\n<p>Este domingo, 16 de novembro, n\u00e3o foi diferente e a compositora agraciou os seguidores com mais um registo do beb\u00e9. <strong>&#8220;Meu deus,\u00a0perdoem, mas eu tou muito apaixonada&#8221;<\/strong>, escreveu na descri\u00e7\u00e3o.<\/p>\n<blockquote>\n<p>Leia mais: Carolina Deslandes &#8211; <a href=\"https:\/\/www.novagente.pt\/carolina-deslandes-colega-de-carteira-da-cantora-na-escola-era-uma-cara-conhecida-saiba-quem\" rel=\"nofollow noopener\" target=\"_blank\">Colega de carteira na escola era uma cara conhecida. Saiba quem!<\/a><\/p>\n<\/blockquote>\n<p>O momento foi recebido com muito amor e carinho pelos f\u00e3s da cantora, que rapidamente correram para a caixa de coment\u00e1rios.<\/p>\n<p><strong>&#8220;O Sebi \u00e9 sem d\u00favida muito bonito! N\u00e3o podemos pedir desculpa por sermos m\u00e3es babadas destas fofuras!&#8221;,\u00a0&#8220;Adoro o nariz arrebitado&#8221;, &#8220;T\u00e3o, mas t\u00e3o fofinho&#8221;, &#8220;Que lindo&#8221;, &#8220;Parab\u00e9ns, muitas felicidades&#8221;<\/strong>, pode ler-se.<\/p>\n<p>Carolina Deslandes babada com o pequeno Sebasti\u00e3o<\/p>\n<p>Texto: Lu\u00eds Sigorro; Fotos: Redes sociais<\/p>\n<p class=\"intagram-text\">Siga a Nova Gente no Instagram<\/p>\n<p>                        <a href=\"https:\/\/www.instagram.com\/revistanovagente\/\" target=\"_blank\" aria-label=\"instagram\" rel=\"noopener nofollow\"><img decoding=\"async\" style=\"display: block; margin-left: auto; margin-right: auto; width: 250px; height: 83px;\" src=\"https:\/\/www.europesays.com\/pt\/wp-content\/uploads\/2025\/11\/Instagram_NG.png\" alt=\"instagram\"\/><\/a><br \/>\n                    <script async src=\"\/\/www.instagram.com\/embed.js\"><\/script><\/p>\n","protected":false},"excerpt":{"rendered":"Carolina Deslandes foi m\u00e3e pela quarta vez no final de outubro. Cada vez mais rendida ao pequeno Sebasti\u00e3o,&hellip;\n","protected":false},"author":2,"featured_media":154548,"comment_status":"","ping_status":"","sticky":false,"template":"","format":"standard","meta":{"footnotes":""},"categories":[145],"tags":[19182,211,210,114,115,3435,33285,32,33,33284],"class_list":{"0":"post-154547","1":"post","2":"type-post","3":"status-publish","4":"format-standard","5":"has-post-thumbnail","7":"category-celebridades","8":"tag-carolina-deslandes","9":"tag-celebridades","10":"tag-celebrities","11":"tag-entertainment","12":"tag-entretenimento","13":"tag-filho","14":"tag-luis-delgado","15":"tag-portugal","16":"tag-pt","17":"tag-sebastiao"},"share_on_mastodon":{"url":"https:\/\/pubeurope.com\/@pt\/115562557333139813","error":""},"_links":{"self":[{"href":"https:\/\/www.europesays.com\/pt\/wp-json\/wp\/v2\/posts\/154547","targetHints":{"allow":["GET"]}}],"collection":[{"href":"https:\/\/www.europesays.com\/pt\/wp-json\/wp\/v2\/posts"}],"about":[{"href":"https:\/\/www.europesays.com\/pt\/wp-json\/wp\/v2\/types\/post"}],"author":[{"embeddable":true,"href":"https:\/\/www.europesays.com\/pt\/wp-json\/wp\/v2\/users\/2"}],"replies":[{"embeddable":true,"href":"https:\/\/www.europesays.com\/pt\/wp-json\/wp\/v2\/comments?post=154547"}],"version-history":[{"count":0,"href":"https:\/\/www.europesays.com\/pt\/wp-json\/wp\/v2\/posts\/154547\/revisions"}],"wp:featuredmedia":[{"embeddable":true,"href":"https:\/\/www.europesays.com\/pt\/wp-json\/wp\/v2\/media\/154548"}],"wp:attachment":[{"href":"https:\/\/www.europesays.com\/pt\/wp-json\/wp\/v2\/media?parent=154547"}],"wp:term":[{"taxonomy":"category","embeddable":true,"href":"https:\/\/www.europesays.com\/pt\/wp-json\/wp\/v2\/categories?post=154547"},{"taxonomy":"post_tag","embeddable":true,"href":"https:\/\/www.europesays.com\/pt\/wp-json\/wp\/v2\/tags?post=154547"}],"curies":[{"name":"wp","href":"https:\/\/api.w.org\/{rel}","templated":true}]}}