{"id":154549,"date":"2025-11-17T01:59:15","date_gmt":"2025-11-17T01:59:15","guid":{"rendered":"https:\/\/www.europesays.com\/pt\/154549\/"},"modified":"2025-11-17T01:59:15","modified_gmt":"2025-11-17T01:59:15","slug":"as-primeiras-palavras-da-familia-de-liliana-que-a-deixaram-num-pranto-o-amor-tambem-precisa-de-espaco-secret-story","status":"publish","type":"post","link":"https:\/\/www.europesays.com\/pt\/154549\/","title":{"rendered":"As primeiras palavras da fam\u00edlia de Liliana, que a deixaram num pranto: \u00abO amor tamb\u00e9m precisa de espa\u00e7o\u00bb &#8211; Secret Story"},"content":{"rendered":"<p>No <strong>Secret Story 9, <a href=\"https:\/\/tvi.iol.pt\/secretstory\/videos\" rel=\"nofollow noopener\" target=\"_blank\">Liliana foi surpreendida com uma carta da fam\u00edlia <\/a>com as t\u00e3o desejadas palavras que a concorrente queria ouvir<\/strong>, uma vez que pouca informa\u00e7\u00e3o tem recebido sobre os familiares desde que entrou na casa, e<strong> terminou o noivado com Z\u00e9.<\/strong><\/p>\n<p>Em l\u00e1grimas, Liliana leu a carta escrita pelos pais. \u00ab<strong>Sabemos que esta mensagem podia ter chegado h\u00e1 mais tempo,<\/strong> mas a verdade \u00e9 que precis\u00e1mos de algum tempo para digerir tudo o que tem acontecido desde a tua entrada na casa\u00bb, come\u00e7ou por ler, em l\u00e1grimas.<\/p>\n<p>E prosseguiu: \u00abO sil\u00eancio n\u00e3o foi desinteresse, foi um sil\u00eancio de reflex\u00e3o, prote\u00e7\u00e3o e, acima de tudo, de respeito pelo teu caminho. \u00c0s vezes o amor tamb\u00e9m precisa de espa\u00e7o, e <strong>n\u00f3s quisemos dar-te espa\u00e7o para seres quem \u00e9s<\/strong>, mesmo que por vezes n\u00e3o compreendamos o que te leva a agir como ages\u00bb.\u00a0<\/p>\n<p>Sem conseguir conter as l\u00e1grimas, e de voz embargada, Liliana continuou a leitura, onde os pais garantem que est\u00e3o a apoi\u00e1-la. \u00ab<strong>Continuamos a torcer por ti, seja no jogo ou na vida.<\/strong> Quando sa\u00edres da casa, o<strong> mais importante ser\u00e1 reconstruirmos o que for preciso<\/strong>, com verdade e com amor. Recebe um abra\u00e7o cheio de saudade. Estamos contigo mesmo quando n\u00e3o sabes\u00bb, terminou.<\/p>\n<p><strong>Veja aqui as imagens:<\/strong><\/p>\n","protected":false},"excerpt":{"rendered":"No Secret Story 9, Liliana foi surpreendida com uma carta da fam\u00edlia com as t\u00e3o desejadas palavras que&hellip;\n","protected":false},"author":2,"featured_media":154550,"comment_status":"","ping_status":"","sticky":false,"template":"","format":"standard","meta":{"footnotes":""},"categories":[142],"tags":[10415,114,115,19082,981,19016,18800,32,33,151,162,18801,975],"class_list":{"0":"post-154549","1":"post","2":"type-post","3":"status-publish","4":"format-standard","5":"has-post-thumbnail","7":"category-tv","8":"tag-carta","9":"tag-entertainment","10":"tag-entretenimento","11":"tag-fabio","12":"tag-familia","13":"tag-liliana","14":"tag-momentos-virais-secret-story","15":"tag-portugal","16":"tag-pt","17":"tag-tv","18":"tag-tvi","19":"tag-videos-virais-concorrentes","20":"tag-ze"},"share_on_mastodon":{"url":"https:\/\/pubeurope.com\/@pt\/115562569079833890","error":""},"_links":{"self":[{"href":"https:\/\/www.europesays.com\/pt\/wp-json\/wp\/v2\/posts\/154549","targetHints":{"allow":["GET"]}}],"collection":[{"href":"https:\/\/www.europesays.com\/pt\/wp-json\/wp\/v2\/posts"}],"about":[{"href":"https:\/\/www.europesays.com\/pt\/wp-json\/wp\/v2\/types\/post"}],"author":[{"embeddable":true,"href":"https:\/\/www.europesays.com\/pt\/wp-json\/wp\/v2\/users\/2"}],"replies":[{"embeddable":true,"href":"https:\/\/www.europesays.com\/pt\/wp-json\/wp\/v2\/comments?post=154549"}],"version-history":[{"count":0,"href":"https:\/\/www.europesays.com\/pt\/wp-json\/wp\/v2\/posts\/154549\/revisions"}],"wp:featuredmedia":[{"embeddable":true,"href":"https:\/\/www.europesays.com\/pt\/wp-json\/wp\/v2\/media\/154550"}],"wp:attachment":[{"href":"https:\/\/www.europesays.com\/pt\/wp-json\/wp\/v2\/media?parent=154549"}],"wp:term":[{"taxonomy":"category","embeddable":true,"href":"https:\/\/www.europesays.com\/pt\/wp-json\/wp\/v2\/categories?post=154549"},{"taxonomy":"post_tag","embeddable":true,"href":"https:\/\/www.europesays.com\/pt\/wp-json\/wp\/v2\/tags?post=154549"}],"curies":[{"name":"wp","href":"https:\/\/api.w.org\/{rel}","templated":true}]}}