{"id":154551,"date":"2025-11-17T02:00:10","date_gmt":"2025-11-17T02:00:10","guid":{"rendered":"https:\/\/www.europesays.com\/pt\/154551\/"},"modified":"2025-11-17T02:00:10","modified_gmt":"2025-11-17T02:00:10","slug":"shawn-mendes-sai-descalco-da-festa-de-dua-lipa-e-e-rodeado-por-fas-em-sao-paulo-gshow","status":"publish","type":"post","link":"https:\/\/www.europesays.com\/pt\/154551\/","title":{"rendered":"Shawn Mendes sai descal\u00e7o da festa de Dua Lipa e \u00e9 rodeado por f\u00e3s em S\u00e3o Paulo &#8211; Gshow"},"content":{"rendered":"<ol>\n<li><a href=\"https:\/\/news.google.com\/rss\/articles\/CBMi0wFBVV95cUxQczRNRVFhTEZabnJBOU9KQnRXZFhrYWZkQ3lLWXRDbVZPOEx0OVdzWmZvY2dBelZGb083WkVUaG1kQ2ZyRXJIV0s2dGZJeFh2ejVtSU5UM0t3TkZEbE5iMjRPSmlCMHhJNExlaGt5TXRHaVlteExWUzRwRnFNck9zV0NkM1VKLVotOUo5N3pxVlFQN0ZvZmw4ejVkTTNyZE9PV1ZhS0pHTkI4d0dGRFFWRTQ4SGlMWGZhTUtwcE8xaXRRWDdFcDVBZjJlSGxtcFowNkk00gHiAUFVX3lxTE1pdklEMTl1OEg3bXhwMlZwaWhBRkZFVXRuMkxhN0lKTG5YYWpNcXVTaFYxMVFaQVdUU3A5ajJNcWFkWG5PLTRFSU13aUdFOGhwS1ItTzVvb3AwX2N1MXBvMXp1UmJRUjNRVl9uSldTMDV1bVh4WTFndXl1YTlUU0RMZkVoaWgtRzEwdjFUNTY4Nk9reld4VjBya19JaXV3a0drcXJKeV9iWllsTjJNSFlXS0VJZ2RTTWRMUWF5amZZeXBkMDgzQ1ZsRnd0X0RfRVo4OWRqaHN3Mmd0eXI4bl9fbWc?oc=5\" target=\"_blank\" rel=\"nofollow noopener\">Shawn Mendes sai descal\u00e7o da festa de Dua Lipa e \u00e9 rodeado por f\u00e3s em S\u00e3o Paulo<\/a>&nbsp;&nbsp;Gshow<\/li>\n<li><a href=\"https:\/\/news.google.com\/rss\/articles\/CBMi2gFBVV95cUxOa3RISjRFYmE3X0d0TGxTNlZMWFluS3E1TkNmX2M5QVhBamtlWVZhaXlhUk9DX0lQRnc3c0JMNHFYTTVIbHZHMm9Uakl3RGhMSHFEeEVhQlNmQ2lUTDhYU2ctZDg0eDU2SHN6LUZrOVo3N3Y1aHdoSHR0WmJ5aV95UFV2SXVsdFkwdUQ5M1ZzQmRORkoyc0tJQVN2cWttdl8teEZfb2tINkZxLXI2VVRuSVpsbTJEQ081Z1lLNU1GdEZ2WktuNUZiMlZjUU5CQkJ6V3lpT0RMTUZVdw?oc=5\" target=\"_blank\" rel=\"nofollow noopener\">Ivete Sangalo exp\u00f5e Shawn Mendes e Bruna Marquezine e esquenta rumores de romance<\/a>&nbsp;&nbsp;NaTelinha<\/li>\n<li><a href=\"https:\/\/news.google.com\/rss\/articles\/CBMi7wFBVV95cUxPRzg3c2o2OGpEUk1QRFQxU1gySHlGSjk3RkdoN2R4dGZyUXhndUFGNTFZbzZnUFdYYm9GSzBFcDJ6dnVtcnlJdEdmZmpOMi0xcER0SDEtcVlILVk3NEVpQl9Zd0RRTS00LUJaRFpJMDI2QTBKZUlJb3k5Uk5aTWxtNUZPYmZHU1RCQ3BrZnpCbkotYl9MSWdraDdsMjRZaHVsbDFOOExRMl9LS2Z4d0NOa0R0QXBibTl3MDVPU21qekl3eXMzX25SSWFWbFFzWW93bFVyUExjUlB2eTg2LUFneV84NnR6V0EweTBaQlRfbw?oc=5\" target=\"_blank\" rel=\"nofollow noopener\">A fila andou? Bruna Marquezine \u00e9 vista com cantor internacional; veja quem<\/a>&nbsp;&nbsp;Terra<\/li>\n<li><a href=\"https:\/\/news.google.com\/rss\/articles\/CBMivAFBVV95cUxQVjdIakdHbHlKc0FHTXRHajBiWnNua2VsdmtfTFFEeWhFUEx4YVJ1X3p0bmxwd2o3aTl3ZGE2MHdBOFBvQkVqbDkyOEZ4UnFwSEVwd1lqcDlCOHhidTNCUlVfVjdQNmJha1JqWTN1cVBnel9PRlNEZWlWZ19YaEZpRTlKRTQ3Ti1VWE1KcTJqdXlTZHdXa1BKUGVyRUZQRkpzc2RHSm5kMVR5NDA3YjBZc2J5TWItQTJNdXByQtIBywFBVV95cUxPNzF5OFoydmxmVElOY2ppN0Q5MkVUMGp4Q2ZXc3VKVVNZaXB3TGZ5QkJKOWk2MWpHV1Q5cjJrcVJCMnhwaGV6SF9SSUxuWWRKYTNNU0t6LVk0MGFVOFdUcGVETlFGdndTb053a09hamJZRzIyeXFSNGJCWGZRbk1XSXA3TlY2Q1k4YmR5S2xlbGllZ2p2N1JRX2lrc2ZPNlJqdDJvem91U3U0dFRFNHhueHRLMlBsZ05OeDVweGdZNEJrdThVaFNaMTlpRQ?oc=5\" target=\"_blank\" rel=\"nofollow noopener\">Shawn Mendes sai descal\u00e7o em festa com Dua Lipa em S\u00e3o Paulo e \u00e9 cercado por f\u00e3s<\/a>&nbsp;&nbsp;Globo<\/li>\n<li><a href=\"https:\/\/news.google.com\/rss\/articles\/CBMikgJBVV95cUxQeVhES3lNSmp5d1FKYkJNVlM2NzRmb2x1cUhXVjNvbnV3aTl1dXlwYkh1WmVTaW9iNmo3eTdvTUl4UlJrblEwYW1FODJtNnNZODI0Sll6YW9heGIwbEs1emc0LXkwUjVYSVU4YWRfUGhvZWdSalNzbU5ITDBPajhXeFJUWHJta09VVlJ5cVZCVEhRQ1BzUXRiTk9TcWkwYnY5TkdHWGRIMHNKX1dLTWg3RXJaOWhPNW9ZQ2lpZ1VkNGtVSnZfS3U2VEQzSFhta1QyWGs0NlloYlppalFiWlJGSHhrZ0VBanRUaHV3bENKU2N6eXlwd3RaYUVWdVNqbUlkYUpIRk1xWk9MVldOT3BHUmJ3?oc=5\" target=\"_blank\" rel=\"nofollow noopener\">Shawn Mendes e Bruna Marquezine: do Rock in Rio ao camarote da Dua Lipa, o romance internacional que o Brasil jura que existe<\/a>&nbsp;&nbsp;Jornal de Bras\u00edlia<\/li>\n<\/ol>\n","protected":false},"excerpt":{"rendered":"Shawn Mendes sai descal\u00e7o da festa de Dua Lipa e \u00e9 rodeado por f\u00e3s em S\u00e3o Paulo&nbsp;&nbsp;Gshow Ivete&hellip;\n","protected":false},"author":2,"featured_media":154552,"comment_status":"","ping_status":"","sticky":false,"template":"","format":"standard","meta":{"footnotes":""},"categories":[141],"tags":[114,115,149,150,32,33],"class_list":{"0":"post-154551","1":"post","2":"type-post","3":"status-publish","4":"format-standard","5":"has-post-thumbnail","7":"category-musica","8":"tag-entertainment","9":"tag-entretenimento","10":"tag-music","11":"tag-musica","12":"tag-portugal","13":"tag-pt"},"share_on_mastodon":{"url":"https:\/\/pubeurope.com\/@pt\/115562572855863717","error":""},"_links":{"self":[{"href":"https:\/\/www.europesays.com\/pt\/wp-json\/wp\/v2\/posts\/154551","targetHints":{"allow":["GET"]}}],"collection":[{"href":"https:\/\/www.europesays.com\/pt\/wp-json\/wp\/v2\/posts"}],"about":[{"href":"https:\/\/www.europesays.com\/pt\/wp-json\/wp\/v2\/types\/post"}],"author":[{"embeddable":true,"href":"https:\/\/www.europesays.com\/pt\/wp-json\/wp\/v2\/users\/2"}],"replies":[{"embeddable":true,"href":"https:\/\/www.europesays.com\/pt\/wp-json\/wp\/v2\/comments?post=154551"}],"version-history":[{"count":0,"href":"https:\/\/www.europesays.com\/pt\/wp-json\/wp\/v2\/posts\/154551\/revisions"}],"wp:featuredmedia":[{"embeddable":true,"href":"https:\/\/www.europesays.com\/pt\/wp-json\/wp\/v2\/media\/154552"}],"wp:attachment":[{"href":"https:\/\/www.europesays.com\/pt\/wp-json\/wp\/v2\/media?parent=154551"}],"wp:term":[{"taxonomy":"category","embeddable":true,"href":"https:\/\/www.europesays.com\/pt\/wp-json\/wp\/v2\/categories?post=154551"},{"taxonomy":"post_tag","embeddable":true,"href":"https:\/\/www.europesays.com\/pt\/wp-json\/wp\/v2\/tags?post=154551"}],"curies":[{"name":"wp","href":"https:\/\/api.w.org\/{rel}","templated":true}]}}