{"id":154553,"date":"2025-11-17T02:02:23","date_gmt":"2025-11-17T02:02:23","guid":{"rendered":"https:\/\/www.europesays.com\/pt\/154553\/"},"modified":"2025-11-17T02:02:23","modified_gmt":"2025-11-17T02:02:23","slug":"portugal-x-pais-de-gales-vai-comecar-mais-tarde","status":"publish","type":"post","link":"https:\/\/www.europesays.com\/pt\/154553\/","title":{"rendered":"Portugal x Pa\u00eds de Gales vai come\u00e7ar mais tarde"},"content":{"rendered":"<p>&#8211; Advertisement &#8211;<\/p>\n<p><strong>O Portugal x Pa\u00eds de Gales, em Sub-17, vai ter in\u00edcio \u00e0s 18h00. Mudan\u00e7a de hora devido a condi\u00e7\u00f5es meteorol\u00f3gicas.<\/strong><\/p>\n<p>Portugal x Pa\u00eds de Gales (Sub-17) mudou de hora e o in\u00edcio est\u00e1 agora previsto paras 18h00 devido a \u00abcondi\u00e7\u00f5es meteorol\u00f3gicas\u00bb, informa a Federa\u00e7\u00e3o Portuguesa de Futebol. O jogo \u00e9 relativo \u00e0 segunda jornada da Ronda I de Apuramento para o Euro 2026.<\/p>\n<p>\u00abEsta sexta-feira registou-se uma altera\u00e7\u00e3o na hora de in\u00edcio da\u00a0partida. Previamente agendado para as 15h00, o encontro ter\u00e1 in\u00edcio pelas 18h00 devido \u00e0s condi\u00e7\u00f5es meteorol\u00f3gicas\u00bb, pode ler-se na nota oficial da FPF.<\/p>\n<p>Portugal entrou com o p\u00e9 direito na primeira etapa de qualifica\u00e7\u00e3o para o Euro Sub-17, ao <a href=\"https:\/\/bolanarede.pt\/especial-bola-na-rede\/atualidade\/rumo-ao-euro-sub-17-portugal-aplica-forte-goleada-de-10-0\/\" target=\"_blank\" rel=\"noreferrer noopener nofollow\">golear o Liechtenstein\u00a0por 10-0. Recorda a partida<\/a>.<\/p>\n","protected":false},"excerpt":{"rendered":"&#8211; Advertisement &#8211; O Portugal x Pa\u00eds de Gales, em Sub-17, vai ter in\u00edcio \u00e0s 18h00. Mudan\u00e7a de&hellip;\n","protected":false},"author":2,"featured_media":154554,"comment_status":"","ping_status":"","sticky":false,"template":"","format":"standard","meta":{"footnotes":""},"categories":[87],"tags":[260,135,478,31550,10159,32,33239,33,134],"class_list":{"0":"post-154553","1":"post","2":"type-post","3":"status-publish","4":"format-standard","5":"has-post-thumbnail","7":"category-desporto","8":"tag-atualidade","9":"tag-desporto","10":"tag-destaques-bnr","11":"tag-euro-2026","12":"tag-pais-de-gales","13":"tag-portugal","14":"tag-portugal-sub-17","15":"tag-pt","16":"tag-sports"},"share_on_mastodon":{"url":"https:\/\/pubeurope.com\/@pt\/115562580821903883","error":""},"_links":{"self":[{"href":"https:\/\/www.europesays.com\/pt\/wp-json\/wp\/v2\/posts\/154553","targetHints":{"allow":["GET"]}}],"collection":[{"href":"https:\/\/www.europesays.com\/pt\/wp-json\/wp\/v2\/posts"}],"about":[{"href":"https:\/\/www.europesays.com\/pt\/wp-json\/wp\/v2\/types\/post"}],"author":[{"embeddable":true,"href":"https:\/\/www.europesays.com\/pt\/wp-json\/wp\/v2\/users\/2"}],"replies":[{"embeddable":true,"href":"https:\/\/www.europesays.com\/pt\/wp-json\/wp\/v2\/comments?post=154553"}],"version-history":[{"count":0,"href":"https:\/\/www.europesays.com\/pt\/wp-json\/wp\/v2\/posts\/154553\/revisions"}],"wp:featuredmedia":[{"embeddable":true,"href":"https:\/\/www.europesays.com\/pt\/wp-json\/wp\/v2\/media\/154554"}],"wp:attachment":[{"href":"https:\/\/www.europesays.com\/pt\/wp-json\/wp\/v2\/media?parent=154553"}],"wp:term":[{"taxonomy":"category","embeddable":true,"href":"https:\/\/www.europesays.com\/pt\/wp-json\/wp\/v2\/categories?post=154553"},{"taxonomy":"post_tag","embeddable":true,"href":"https:\/\/www.europesays.com\/pt\/wp-json\/wp\/v2\/tags?post=154553"}],"curies":[{"name":"wp","href":"https:\/\/api.w.org\/{rel}","templated":true}]}}