{"id":154561,"date":"2025-11-17T02:10:17","date_gmt":"2025-11-17T02:10:17","guid":{"rendered":"https:\/\/www.europesays.com\/pt\/154561\/"},"modified":"2025-11-17T02:10:17","modified_gmt":"2025-11-17T02:10:17","slug":"deborah-evelyn-fala-da-relacao-com-a-tia-e-madrinha-renata-sorrah","status":"publish","type":"post","link":"https:\/\/www.europesays.com\/pt\/154561\/","title":{"rendered":"Deborah Evelyn fala da rela\u00e7\u00e3o com a tia e madrinha Renata Sorrah"},"content":{"rendered":"<p><strong>Deborah Evelyn<\/strong> abriu o cora\u00e7\u00e3o sobre a rela\u00e7\u00e3o que mant\u00e9m com a tia e madrinha, a atriz <strong>Renata<\/strong> <strong>Sorrah<\/strong>. Em entrevista a\u00a0<strong>Pedro Bial<\/strong>, no <strong>Conversa com Bial<\/strong>, contou como a proximidade entre as duas a ajudou no in\u00edcio da carreira art\u00edstica.<\/p>\n<p>&#8220;Isso me abriu as portas, n\u00e3o no sentido do trabalho em si, mas para a arte, para o universo da coxia. Uma das mem\u00f3rias mais antigas que tenho \u00e9 de quando eu era pequena, com menos de dez anos, e a via atuando em \u201cVagas para mo\u00e7as de fino trato\u201d, ao lado de Yon\u00e1 Magalh\u00e3es e Gl\u00f3ria Menezes. Eu assistia a tudo dos bastidores&#8221;, recordou a tamb\u00e9m atriz.<\/p>\n<p>Na sequ\u00eancia, ao ver uma uma foto de seu batizado, em que\u00a0<strong>Renata Sorrah\u00a0<\/strong>a segura no colo,\u00a0<strong>Deborah Evelyn\u00a0<\/strong>falou sobre sua rela\u00e7\u00e3o com a tia longe das c\u00e2meras.<\/p>\n<p>&#8220;Ela \u00e9 incr\u00edvel como pessoa e como tia. Tem muita energia, \u00e9 uma pessoa muito amorosa. Mesmo eu morando em S\u00e3o Paulo e ela no Rio, sempre fomos muito pr\u00f3ximas. A Renata \u00e9 algu\u00e9m que admiro profundamente, n\u00e3o s\u00f3 como minha tia, mas tamb\u00e9m como profissional&#8221;, declarou.<\/p>\n<p>Confira:<\/p>\n<blockquote class=\"twitter-tweet\"><p>&#13;<\/p>\n<p dir=\"ltr\" lang=\"pt\">Em entrevista, Deborah Evelyn fala da rela\u00e7\u00e3o com a tia e madrinha Renata Sorrah e resgata foto de seu batizado: &#8220;Me abriu portas&#8221;. <a href=\"https:\/\/t.co\/xhjL3RSXJl\" rel=\"nofollow\">pic.twitter.com\/xhjL3RSXJl<\/a><\/p>\n<p>&#13;<br \/>\n\u2014 \ud835\udd44\ud835\udd46\u210d\ud835\udd38\ud835\udd44\ud835\udd44\ud835\udd3c\ud835\udd3b (@JorMohammed) <a href=\"https:\/\/twitter.com\/JorMohammed\/status\/1990153195528896778?ref_src=twsrc%5Etfw\" rel=\"nofollow noopener\" target=\"_blank\">November 16, 2025<\/a><\/p><\/blockquote>\n<p>            <script async src=\"https:\/\/platform.twitter.com\/widgets.js\" charset=\"utf-8\"><\/script><\/p>\n","protected":false},"excerpt":{"rendered":"Deborah Evelyn abriu o cora\u00e7\u00e3o sobre a rela\u00e7\u00e3o que mant\u00e9m com a tia e madrinha, a atriz Renata&hellip;\n","protected":false},"author":2,"featured_media":154562,"comment_status":"","ping_status":"","sticky":false,"template":"","format":"standard","meta":{"footnotes":""},"categories":[145],"tags":[211,210,33124,114,115,32,33,25699],"class_list":{"0":"post-154561","1":"post","2":"type-post","3":"status-publish","4":"format-standard","5":"has-post-thumbnail","7":"category-celebridades","8":"tag-celebridades","9":"tag-celebrities","10":"tag-deborah-evelyn","11":"tag-entertainment","12":"tag-entretenimento","13":"tag-portugal","14":"tag-pt","15":"tag-renata-sorrah"},"share_on_mastodon":{"url":"https:\/\/pubeurope.com\/@pt\/115562612206541342","error":""},"_links":{"self":[{"href":"https:\/\/www.europesays.com\/pt\/wp-json\/wp\/v2\/posts\/154561","targetHints":{"allow":["GET"]}}],"collection":[{"href":"https:\/\/www.europesays.com\/pt\/wp-json\/wp\/v2\/posts"}],"about":[{"href":"https:\/\/www.europesays.com\/pt\/wp-json\/wp\/v2\/types\/post"}],"author":[{"embeddable":true,"href":"https:\/\/www.europesays.com\/pt\/wp-json\/wp\/v2\/users\/2"}],"replies":[{"embeddable":true,"href":"https:\/\/www.europesays.com\/pt\/wp-json\/wp\/v2\/comments?post=154561"}],"version-history":[{"count":0,"href":"https:\/\/www.europesays.com\/pt\/wp-json\/wp\/v2\/posts\/154561\/revisions"}],"wp:featuredmedia":[{"embeddable":true,"href":"https:\/\/www.europesays.com\/pt\/wp-json\/wp\/v2\/media\/154562"}],"wp:attachment":[{"href":"https:\/\/www.europesays.com\/pt\/wp-json\/wp\/v2\/media?parent=154561"}],"wp:term":[{"taxonomy":"category","embeddable":true,"href":"https:\/\/www.europesays.com\/pt\/wp-json\/wp\/v2\/categories?post=154561"},{"taxonomy":"post_tag","embeddable":true,"href":"https:\/\/www.europesays.com\/pt\/wp-json\/wp\/v2\/tags?post=154561"}],"curies":[{"name":"wp","href":"https:\/\/api.w.org\/{rel}","templated":true}]}}