{"id":154563,"date":"2025-11-17T02:13:09","date_gmt":"2025-11-17T02:13:09","guid":{"rendered":"https:\/\/www.europesays.com\/pt\/154563\/"},"modified":"2025-11-17T02:13:09","modified_gmt":"2025-11-17T02:13:09","slug":"a-fazenda-17-saory-decide-quem-vai-indicar-direto-para-a-roca","status":"publish","type":"post","link":"https:\/\/www.europesays.com\/pt\/154563\/","title":{"rendered":"A Fazenda 17: Saory decide quem vai indicar direto para a ro\u00e7a"},"content":{"rendered":"<p>Dona do chap\u00e9u de fazendeira, <strong>Saory Cardoso<\/strong> j\u00e1 sabe quem vai indicar direto para a nona ro\u00e7a de A Fazenda 17, da Record. Ela contou para seus parceiros no jogo que quer mandar <strong>Wallas Arrais<\/strong> para a berlinda.<\/p>\n<p>Saory j\u00e1 perdeu a paci\u00eancia com seus atritos com Wallas e quer v\u00ea-lo na berlinda. \u201cEle passa o dia me humilhando, fazendo piadinhas e me rebaixando. Eu falei ontem para ele: \u2018Eu n\u00e3o vou fazer o teatrinho que a gente fez, n\u00e3o, fingindo que n\u00e3o tinha op\u00e7\u00e3o. A minha op\u00e7\u00e3o \u00e9 voc\u00ea. \u00c9 voc\u00ea que vai. Isso se voc\u00ea n\u00e3o for para o Paiol antes\u2019. Ele senta igual um maluco e fica: \u2018Bora eu e voc\u00ea para a ro\u00e7a?\u2019. Eu n\u00e3o vou com ele, eu vou botar ele\u201d, disse ela.<\/p>\n<p>A pr\u00f3xima ro\u00e7a ser\u00e1 formada na ter\u00e7a-feira, 18.<\/p>\n<p>A bronca de Adriane Galisteu em Saory e Rayane<\/p>\n<p>A apresentadora <a href=\"https:\/\/caras.com.br\/tags\/adriane-galisteu\" rel=\"nofollow noopener\" target=\"_blank\"><strong>Adriane Galisteu<\/strong><\/a> revelou a decis\u00e3o de A Fazenda 17, da Record, sobre a situa\u00e7\u00e3o entre <strong>Rayane<\/strong> e <strong>Saory<\/strong> que agitou a tarde do confinamento nesta quinta-feira, 13. Ao vivo, ela anunciou que a dire\u00e7\u00e3o analisou as imagens e ainda deu um pux\u00e3o de orelha nos pe\u00f5es ao quebrar o protocolo para alertar todo mundo sobre as regras do jogo.<\/p>\n<p>Tudo come\u00e7ou quando Saory e Rayane se provocaram ao longo do dia. Saory pegou um regador para fazer barulho na orelha de Rayane, que colocou o bra\u00e7o na frente enquanto a rival batia o item. Com isso, Saory atingiu Rayane sem querer.<\/p>\n<p>Galisteu contou que a produ\u00e7\u00e3o analisou as imagens e viu que Rayane colocou a pr\u00f3pria integridade f\u00edsica em risco ao colocar o bra\u00e7o embaixo do regador. Assim, as duas seguem no jogo. Por\u00e9m, a apresentadora deu uma bronca sobre a necessidade de respeitar as regras do programa e avisou que n\u00e3o quer ver os pe\u00f5es sendo expulsos.<\/p>\n<p>\u201cEu j\u00e1 disse e vou repetir: a gente est\u00e1 de olho em tudo, absolutamente tudo que acontece a\u00ed dentro. Sempre que for necess\u00e1rio, n\u00f3s vamos intervir, como j\u00e1 fizemos v\u00e1rias vezes. N\u00f3s vimos que a Saory provocou a Ray fazendo barulho, n\u00f3s vimos. Aten\u00e7\u00e3o, por favor, me ou\u00e7am. Mas a Ray tamb\u00e9m colocou a pr\u00f3pria integridade em risco ao colocar a m\u00e3o embaixo do regador. N\u00f3s vimos a provoca\u00e7\u00e3o, vimos o que aconteceu e vimos a atitude que a Ray tomou. Turma, cuidado, eu estou avisando\u201d, afirmou.<\/p>\n<p>\u201cN\u00e3o \u00e9 mais para ficar testando o limite da produ\u00e7\u00e3o e nem o de voc\u00eas. A gente entende o embate, a provoca\u00e7\u00e3o, a discuss\u00e3o. A Fazenda n\u00e3o \u00e9 sobre isso. N\u00e3o pensem que esse recado s\u00f3 serve para seus advers\u00e1rios, esse recado serve para todos. Se cada um se preocupar em respeitar a regra do jogo, pode ter certeza que a gente vai longe, com as tretas, com as discuss\u00f5es, com as diferen\u00e7as. A gente sabe disso e a gente espera isso, mas cuidado com os limites. Cuidado, n\u00e3o bate as coisas, n\u00e3o querem as coisas, n\u00e3o provoquem desse jeito porque uma hora voc\u00eas podem perder a m\u00e3o. E a gente n\u00e3o quer que voc\u00eas percam a m\u00e3o porque s\u00e3o bons jogadores. A gente n\u00e3o quer perder pe\u00e3o por isso, a gente quer que o Brasil decida quem fica e quem sai. A gente n\u00e3o quer ver ningu\u00e9m expulso, ningu\u00e9m desistindo, pode acreditar\u201d, finalizou.<\/p>\n<p>        <a href=\"https:\/\/caras.com.br\/autor\/priscilla-comoti\" rel=\"nofollow noopener\" target=\"_blank\">&#13;<br \/>\n          <img loading=\"lazy\" alt=\"Priscilla Comoti\" src=\"https:\/\/www.europesays.com\/pt\/wp-content\/uploads\/2025\/11\/1763345589_318_e53883bdf02c542f6517b68879e8cb08b27a1d55c4dfd53577e47d3ab6331a06\"  class=\"avatar avatar-115 photo rounded-circle mr-3\" height=\"115\" width=\"115\" decoding=\"async\"\/>        <\/a><\/p>\n<p>Priscilla Comoti \u00e9 editora de conte\u00fado do site CARAS. Ela \u00e9 formada em jornalismo e em audiovisual, j\u00e1 passou pelos sites Contigo!, Minha Novela, TiTiTi, Mais Novela e Portal M\u00e1rcia Piovesan. Escreve sobre celebridades, not\u00edcias sobre a fam\u00edlia real brit\u00e2nica, TV, reality show e novelas.<\/p>\n","protected":false},"excerpt":{"rendered":"Dona do chap\u00e9u de fazendeira, Saory Cardoso j\u00e1 sabe quem vai indicar direto para a nona ro\u00e7a de&hellip;\n","protected":false},"author":2,"featured_media":154564,"comment_status":"","ping_status":"","sticky":false,"template":"","format":"standard","meta":{"footnotes":""},"categories":[142],"tags":[657,4706,114,115,33286,32,33,21259,151],"class_list":{"0":"post-154563","1":"post","2":"type-post","3":"status-publish","4":"format-standard","5":"has-post-thumbnail","7":"category-tv","8":"tag-a-fazenda","9":"tag-a-fazenda-17","10":"tag-entertainment","11":"tag-entretenimento","12":"tag-fazendeira","13":"tag-portugal","14":"tag-pt","15":"tag-saory-cardoso","16":"tag-tv"},"share_on_mastodon":{"url":"https:\/\/pubeurope.com\/@pt\/115562624118803521","error":""},"_links":{"self":[{"href":"https:\/\/www.europesays.com\/pt\/wp-json\/wp\/v2\/posts\/154563","targetHints":{"allow":["GET"]}}],"collection":[{"href":"https:\/\/www.europesays.com\/pt\/wp-json\/wp\/v2\/posts"}],"about":[{"href":"https:\/\/www.europesays.com\/pt\/wp-json\/wp\/v2\/types\/post"}],"author":[{"embeddable":true,"href":"https:\/\/www.europesays.com\/pt\/wp-json\/wp\/v2\/users\/2"}],"replies":[{"embeddable":true,"href":"https:\/\/www.europesays.com\/pt\/wp-json\/wp\/v2\/comments?post=154563"}],"version-history":[{"count":0,"href":"https:\/\/www.europesays.com\/pt\/wp-json\/wp\/v2\/posts\/154563\/revisions"}],"wp:featuredmedia":[{"embeddable":true,"href":"https:\/\/www.europesays.com\/pt\/wp-json\/wp\/v2\/media\/154564"}],"wp:attachment":[{"href":"https:\/\/www.europesays.com\/pt\/wp-json\/wp\/v2\/media?parent=154563"}],"wp:term":[{"taxonomy":"category","embeddable":true,"href":"https:\/\/www.europesays.com\/pt\/wp-json\/wp\/v2\/categories?post=154563"},{"taxonomy":"post_tag","embeddable":true,"href":"https:\/\/www.europesays.com\/pt\/wp-json\/wp\/v2\/tags?post=154563"}],"curies":[{"name":"wp","href":"https:\/\/api.w.org\/{rel}","templated":true}]}}