{"id":154567,"date":"2025-11-17T02:19:48","date_gmt":"2025-11-17T02:19:48","guid":{"rendered":"https:\/\/www.europesays.com\/pt\/154567\/"},"modified":"2025-11-17T02:19:48","modified_gmt":"2025-11-17T02:19:48","slug":"pesquisa-mapeia-22-virus-no-semen-que-transmitem-doencas-16-11-2025-equilibrio-e-saude","status":"publish","type":"post","link":"https:\/\/www.europesays.com\/pt\/154567\/","title":{"rendered":"Pesquisa mapeia 22 v\u00edrus no s\u00eamen que transmitem doen\u00e7as &#8211; 16\/11\/2025 &#8211; Equil\u00edbrio e Sa\u00fade"},"content":{"rendered":"<p>Pesquisadores de diferentes institui\u00e7\u00f5es da <a href=\"https:\/\/www1.folha.uol.com.br\/folha-topicos\/europa\/\" rel=\"nofollow noopener\" target=\"\">Europa<\/a> mapearam 22 v\u00edrus capazes de persistir no <a href=\"https:\/\/www1.folha.uol.com.br\/ciencia\/2018\/05\/por-que-a-qualidade-do-semen-esta-caindo-no-mundo-e-como-isso-ameaca-a-reproducao-humana.shtml\" rel=\"nofollow noopener\" target=\"\">s\u00eamen<\/a> ap\u00f3s a infec\u00e7\u00e3o aguda, podendo contribuir para a transmiss\u00e3o da doen\u00e7a ou mesmo para o surgimento de um surto, j\u00e1 que alguns deles t\u00eam potencial pand\u00eamico. Os achados foram publicados em artigo no The Lancet Microbe.<\/p>\n<p>&#8220;H\u00e1 casos em que, ap\u00f3s uma virose, como a <a href=\"https:\/\/www1.folha.uol.com.br\/folha-topicos\/zika\/\" rel=\"nofollow noopener\" target=\"\">zika<\/a>, constatou-se que a forma de transmiss\u00e3o foi via sexual&#8221;, relata a infectologista Emy Akiyama Gouveia, do Einstein Hospital Israelita.<\/p>\n<p>&#8220;No entanto, \u00e9 importante diferenciar os v\u00edrus avaliados neste estudo das doen\u00e7as infectocontagiosas sexualmente transmiss\u00edveis por si, como HIV e <a href=\"https:\/\/www1.folha.uol.com.br\/equilibrioesaude\/2025\/09\/janaina-paschoal-associa-uso-de-prep-a-aumento-de-casos-de-sifilis.shtml\" rel=\"nofollow noopener\" target=\"\">s\u00edfilis<\/a>.&#8221;<\/p>\n<p>Al\u00e9m desses, a presen\u00e7a de v\u00edrus no s\u00eamen nos casos de infec\u00e7\u00f5es cr\u00f4nicas est\u00e1 bem estabelecida para <a href=\"https:\/\/www1.folha.uol.com.br\/equilibrioesaude\/2024\/07\/como-se-proteger-contra-a-hepatite.shtml\" rel=\"nofollow noopener\" target=\"\">hepatites <\/a>B e C, citomegalov\u00edrus, entre outros.<\/p>\n<p>Para o estudo, os autores revisaram outros 373 trabalhos cient\u00edficos. Eles avaliaram tanto a presen\u00e7a do v\u00edrus no fluido masculino quanto a quantidade de dias em que os pat\u00f3genos se mantiveram vi\u00e1veis ap\u00f3s o in\u00edcio da doen\u00e7a.<\/p>\n<p>Dos 22 v\u00edrus mapeados, apenas nove j\u00e1 tinham alguma evid\u00eancia de <a href=\"https:\/\/www1.folha.uol.com.br\/equilibrioesaude\/2022\/07\/variola-dos-macacos-foi-transmitida-durante-sexo-em-95-dos-casos-aponta-estudo.shtml\" rel=\"nofollow noopener\" target=\"\">transmiss\u00e3o sexual<\/a>. Alguns exemplos s\u00e3o <a href=\"https:\/\/www1.folha.uol.com.br\/equilibrioesaude\/2025\/01\/capital-da-uganda-confirma-surto-de-ebola-e-registra-uma-morte.shtml\" rel=\"nofollow noopener\" target=\"\">ebola<\/a>, hepatite E, mpox, <a href=\"https:\/\/www1.folha.uol.com.br\/equilibrioesaude\/2024\/04\/epidemia-de-dengue-tambem-esta-levando-a-aumento-dos-casos-de-zika-e-chikungunya.shtml\" rel=\"nofollow noopener\" target=\"\">dengue, zika<\/a> e marburg v\u00edrus.<\/p>\n<p>No caso da Mpox, por exemplo, a via sexual foi um fator-chave na dissemina\u00e7\u00e3o global da doen\u00e7a nos surtos de 2022 e 2024. Outros agentes, como Sars-Cov-2 (causador da <a href=\"https:\/\/www1.folha.uol.com.br\/cotidiano\/2025\/03\/criancas-da-pandemia-chegam-aos-5-anos-e-covid-ainda-impacta.shtml\" rel=\"nofollow noopener\" target=\"\">Covid<\/a>), <a href=\"https:\/\/www1.folha.uol.com.br\/equilibrioesaude\/2025\/04\/febre-amarela-mata-6-em-cada-10-infectados-no-estado-de-sp.shtml\" rel=\"nofollow noopener\" target=\"\">febre amarela<\/a>, adenov\u00edrus e <a href=\"https:\/\/www1.folha.uol.com.br\/equilibrioesaude\/2025\/03\/mais-da-metade-dos-casos-de-chikungunya-do-estado-de-sp-em-2025-sao-de-tupa.shtml\" rel=\"nofollow noopener\" target=\"\">chikungunya<\/a>, ainda n\u00e3o foram associados a essa via de transmiss\u00e3o.<\/p>\n<p>O ebola foi o v\u00edrus com maior dura\u00e7\u00e3o no s\u00eamen, detectado 988 dias ap\u00f3s a alta hospitalar do paciente. Os demais permaneceram bem menos tempo: o da <a href=\"https:\/\/www1.folha.uol.com.br\/folha-topicos\/dengue\/\" rel=\"nofollow noopener\" target=\"\">dengue<\/a> ficou cerca de um m\u00eas; o <a href=\"https:\/\/www1.folha.uol.com.br\/folha-topicos\/chikungunya\/\" rel=\"nofollow noopener\" target=\"\">chikungunya<\/a>, dois meses; e o da Covid, quase tr\u00eas meses (81 dias).<\/p>\n<p>J\u00e1 o v\u00edrus com menor perman\u00eancia ap\u00f3s o in\u00edcio da infec\u00e7\u00e3o, apenas oito dias, foi o causador da doen\u00e7a da floresta de Kyasanur, infec\u00e7\u00e3o end\u00eamica no sudeste da \u00cdndia que pode levar a hemorragias.<\/p>\n<p>Segundo os autores, a simples presen\u00e7a ou capacidade de replica\u00e7\u00e3o em cultura de c\u00e9lulas n\u00e3o significa que esses pat\u00f3genos sejam <a href=\"https:\/\/www1.folha.uol.com.br\/equilibrioesaude\/2024\/01\/o-que-sao-as-infeccoes-sexualmente-transmissiveis-e-como-se-proteger-delas.shtml\" rel=\"nofollow noopener\" target=\"\">sexualmente transmiss\u00edveis<\/a>, j\u00e1 que isso depende de outros fatores, como carga viral, <a href=\"https:\/\/www1.folha.uol.com.br\/ciencia\/2025\/10\/entenda-como-nosso-sistema-imunologico-evita-atacar-o-proprio-organismo.shtml\" rel=\"nofollow noopener\" target=\"\">sistema imunol\u00f3gico<\/a> e a capacidade do v\u00edrus infectar c\u00e9lulas do trato reprodutivo. Al\u00e9m disso, a grande persist\u00eancia do v\u00edrus poderia ser devido ao comprometimento do <a href=\"https:\/\/www1.folha.uol.com.br\/ambiente\/2024\/05\/queda-na-locomocao-e-falhas-no-sistema-imune-estudo-mostra-como-agrotoxicos-afetam-abelhas-nativas.shtml\" rel=\"nofollow noopener\" target=\"\">sistema imune<\/a> do indiv\u00edduo.<\/p>\n<p>Saber quais microrganismos podem resistir no s\u00eamen permite que m\u00e9dicos e autoridades de sa\u00fade p\u00fablica possam implementar estrat\u00e9gias e diretrizes para barrar uma poss\u00edvel transmiss\u00e3o, incluindo educa\u00e7\u00e3o e recomenda\u00e7\u00e3o do <a href=\"https:\/\/www1.folha.uol.com.br\/equilibrioesaude\/2025\/08\/homens-em-relacoes-estaveis-usam-menos-preservativo-aponta-estudo.shtml\" rel=\"nofollow noopener\" target=\"\">uso de preservativos<\/a>, por exemplo.<\/p>\n<p>    Cuide-se<\/p>\n<p class=\"c-newsletter__subtitle\">Ci\u00eancia, h\u00e1bitos e preven\u00e7\u00e3o numa newsletter para a sua sa\u00fade e bem-estar<\/p>\n<p>&#8220;Ap\u00f3s essas infec\u00e7\u00f5es, o paciente teria que ser orientado a usar preservativo por um tempo vari\u00e1vel, dependendo da doen\u00e7a. Mas \u00e0s vezes se desconhece esse potencial de transmiss\u00e3o e, por isso, acaba-se esquecendo de orientar esse cuidado&#8221;, observa a infectologista.<\/p>\n<p>No entanto, os autores reconhecem que o estudo tem limita\u00e7\u00f5es, como a heterogeneidade de tipos de pesquisas avaliadas e a grande variabilidade de resultados.<\/p>\n","protected":false},"excerpt":{"rendered":"Pesquisadores de diferentes institui\u00e7\u00f5es da Europa mapearam 22 v\u00edrus capazes de persistir no s\u00eamen ap\u00f3s a infec\u00e7\u00e3o aguda,&hellip;\n","protected":false},"author":2,"featured_media":154568,"comment_status":"","ping_status":"","sticky":false,"template":"","format":"standard","meta":{"footnotes":""},"categories":[86],"tags":[6245,1031,5725,1029,1891,6750,236,116,10929,33287,1208,10196,5734,32,33289,33,117,216,33288,1893,5056],"class_list":{"0":"post-154567","1":"post","2":"type-post","3":"status-publish","4":"format-standard","5":"has-post-thumbnail","7":"category-saude","8":"tag-agencia-einstein","9":"tag-autocuidado","10":"tag-chikungunya","11":"tag-cuide-se","12":"tag-dengue","13":"tag-ebola","14":"tag-folha","15":"tag-health","16":"tag-infeccao","17":"tag-infeccao-sexualmente-transmissivel","18":"tag-medicina","19":"tag-mpox","20":"tag-pandemia","21":"tag-portugal","22":"tag-preservativos","23":"tag-pt","24":"tag-saude","25":"tag-sexo","26":"tag-variola-dos-macacos","27":"tag-virus","28":"tag-zika-virus"},"share_on_mastodon":{"url":"https:\/\/pubeurope.com\/@pt\/115562651558838596","error":""},"_links":{"self":[{"href":"https:\/\/www.europesays.com\/pt\/wp-json\/wp\/v2\/posts\/154567","targetHints":{"allow":["GET"]}}],"collection":[{"href":"https:\/\/www.europesays.com\/pt\/wp-json\/wp\/v2\/posts"}],"about":[{"href":"https:\/\/www.europesays.com\/pt\/wp-json\/wp\/v2\/types\/post"}],"author":[{"embeddable":true,"href":"https:\/\/www.europesays.com\/pt\/wp-json\/wp\/v2\/users\/2"}],"replies":[{"embeddable":true,"href":"https:\/\/www.europesays.com\/pt\/wp-json\/wp\/v2\/comments?post=154567"}],"version-history":[{"count":0,"href":"https:\/\/www.europesays.com\/pt\/wp-json\/wp\/v2\/posts\/154567\/revisions"}],"wp:featuredmedia":[{"embeddable":true,"href":"https:\/\/www.europesays.com\/pt\/wp-json\/wp\/v2\/media\/154568"}],"wp:attachment":[{"href":"https:\/\/www.europesays.com\/pt\/wp-json\/wp\/v2\/media?parent=154567"}],"wp:term":[{"taxonomy":"category","embeddable":true,"href":"https:\/\/www.europesays.com\/pt\/wp-json\/wp\/v2\/categories?post=154567"},{"taxonomy":"post_tag","embeddable":true,"href":"https:\/\/www.europesays.com\/pt\/wp-json\/wp\/v2\/tags?post=154567"}],"curies":[{"name":"wp","href":"https:\/\/api.w.org\/{rel}","templated":true}]}}