{"id":154569,"date":"2025-11-17T02:21:14","date_gmt":"2025-11-17T02:21:14","guid":{"rendered":"https:\/\/www.europesays.com\/pt\/154569\/"},"modified":"2025-11-17T02:21:14","modified_gmt":"2025-11-17T02:21:14","slug":"playstation-desafia-nintendo-com-preco-competitivo-no-japao","status":"publish","type":"post","link":"https:\/\/www.europesays.com\/pt\/154569\/","title":{"rendered":"PlayStation desafia Nintendo com pre\u00e7o competitivo no Jap\u00e3o"},"content":{"rendered":"<p class=\"wp-block-yoast-seo-estimated-reading-time yoast-reading-time__wrapper\">Estimated reading time: 2 minutos<\/p>\n<p>Durante a State of Play Japan, que aconteceu na \u00faltima semana, a PlayStation resolveou desafiar a Nintendo com o lan\u00e7amento de uma nova vers\u00e3o do PlayStation 5 Digital Edition. Assim como a empresa fez com o Nintendo Switch 2, que recebeu uma vers\u00e3o mais barata e exclusiva para o Jap\u00e3o, a Sony tamb\u00e9m entrou no jogo, oferecendo um console a 55 mil ienes.<\/p>\n<p>A nova vers\u00e3o do PlayStation 5 chegar\u00e1 em 21 de novembro nas lojas japonesas e traz uma redu\u00e7\u00e3o de cerca de 20 mil ienes em rela\u00e7\u00e3o ao modelo que est\u00e1 dispon\u00edvel no pa\u00eds no momento. Para se ter ideia, enquanto o novo PS5 Digital Edition \u00e9 vendido a 55 mil ienes, o Nintendo Switch 2 \u00e9 vendido a 49.980 ienes, ou seja a diferen\u00e7a fica bem pequena entre os dois consoles, gerando uma verdadeira batalha entre as duas gigantes japonesas.<\/p>\n<p><img fetchpriority=\"high\" decoding=\"async\" width=\"696\" height=\"387\" src=\"https:\/\/www.europesays.com\/pt\/wp-content\/uploads\/2025\/11\/20251116-ps5digital.webp.webp\" alt=\"\" class=\"lazyload wp-image-860969\"  data-\/><\/p>\n<p>Vale dizer que esta nova vers\u00e3o s\u00f3 funciona em japon\u00eas e possui bloqueio de regi\u00e3o, evitando que a vers\u00e3o mais barata seja comercializada para outros pa\u00edses. Quanto \u00e0s especifica\u00e7\u00f5es t\u00e9cnicas, tudo \u00e9 igual ao PS5 Digital Edition j\u00e1 existente.<\/p>\n<p>Leia mais sobre a PlayStation:<\/p>\n","protected":false},"excerpt":{"rendered":"Estimated reading time: 2 minutos Durante a State of Play Japan, que aconteceu na \u00faltima semana, a PlayStation&hellip;\n","protected":false},"author":2,"featured_media":154570,"comment_status":"","ping_status":"","sticky":false,"template":"","format":"standard","meta":{"footnotes":""},"categories":[84],"tags":[109,107,108,1164,2142,6266,32,33,105,103,104,106,110],"class_list":{"0":"post-154569","1":"post","2":"type-post","3":"status-publish","4":"format-standard","5":"has-post-thumbnail","7":"category-ciencia-e-tecnologia","8":"tag-ciencia","9":"tag-ciencia-e-tecnologia","10":"tag-cienciaetecnologia","11":"tag-nintendo","12":"tag-playstation","13":"tag-playstation-5","14":"tag-portugal","15":"tag-pt","16":"tag-science","17":"tag-science-and-technology","18":"tag-scienceandtechnology","19":"tag-technology","20":"tag-tecnologia"},"share_on_mastodon":{"url":"https:\/\/pubeurope.com\/@pt\/115562655603918168","error":""},"_links":{"self":[{"href":"https:\/\/www.europesays.com\/pt\/wp-json\/wp\/v2\/posts\/154569","targetHints":{"allow":["GET"]}}],"collection":[{"href":"https:\/\/www.europesays.com\/pt\/wp-json\/wp\/v2\/posts"}],"about":[{"href":"https:\/\/www.europesays.com\/pt\/wp-json\/wp\/v2\/types\/post"}],"author":[{"embeddable":true,"href":"https:\/\/www.europesays.com\/pt\/wp-json\/wp\/v2\/users\/2"}],"replies":[{"embeddable":true,"href":"https:\/\/www.europesays.com\/pt\/wp-json\/wp\/v2\/comments?post=154569"}],"version-history":[{"count":0,"href":"https:\/\/www.europesays.com\/pt\/wp-json\/wp\/v2\/posts\/154569\/revisions"}],"wp:featuredmedia":[{"embeddable":true,"href":"https:\/\/www.europesays.com\/pt\/wp-json\/wp\/v2\/media\/154570"}],"wp:attachment":[{"href":"https:\/\/www.europesays.com\/pt\/wp-json\/wp\/v2\/media?parent=154569"}],"wp:term":[{"taxonomy":"category","embeddable":true,"href":"https:\/\/www.europesays.com\/pt\/wp-json\/wp\/v2\/categories?post=154569"},{"taxonomy":"post_tag","embeddable":true,"href":"https:\/\/www.europesays.com\/pt\/wp-json\/wp\/v2\/tags?post=154569"}],"curies":[{"name":"wp","href":"https:\/\/api.w.org\/{rel}","templated":true}]}}