{"id":15457,"date":"2025-08-04T12:00:19","date_gmt":"2025-08-04T12:00:19","guid":{"rendered":"https:\/\/www.europesays.com\/pt\/15457\/"},"modified":"2025-08-04T12:00:19","modified_gmt":"2025-08-04T12:00:19","slug":"helena-coelho-e-o-vestido-da-zara-que-esta-felizmente-em-saldos","status":"publish","type":"post","link":"https:\/\/www.europesays.com\/pt\/15457\/","title":{"rendered":"Helena Coelho e o vestido da Zara que est\u00e1, felizmente, em saldos"},"content":{"rendered":"<p>Se est\u00e1s \u00e0 procure de roupa de praia, porque n\u00e3o apostar nas \u00faltimas tend\u00eancias para estar sempre em bom? Que o diga Helena Coelho.\u00a0<\/p>\n<p>A digital influencer est\u00e1 de f\u00e9rias e, antes de seguir para a praia, mostrou o look passo a passo. Primeiro, a maquilhagem suave, composta por protetor solar, skin tint, m\u00e1scara \u00e0 prova de \u00e1gua e blush, e, depois, a roupa. O biqu\u00edni, que n\u00e3o podia faltar, \u00e9 da marca portuguesa de swimwear Drope, mais precisamente o\u00a0<a href=\"https:\/\/www.dropeclothing.com\/pt\/swimwear\/biquini-riviera-v1_p1608.html?id=215&amp;cat=206&amp;pc=1\" target=\"_blank\" rel=\"nofollow noopener\">Biqu\u00edni Riviera V1 em castanho (\u20ac82),<\/a>\u00a0o chap\u00e9u da Monday Swimwear tamb\u00e9m n\u00e3o faltou, assim como a carteira da Zara e o vestido&#8230; tamb\u00e9m da Zara, apesar de n\u00e3o parecer.\u00a0<\/p>\n<p>Isto porque Helena Coelho fez altera\u00e7\u00f5es ao modelo original, um\u00a0<a href=\"https:\/\/www.zara.com\/pt\/pt\/vestido-midi-de-crochet-com-aplicacoes-p00387152.html\" target=\"_blank\" rel=\"nofollow noopener\">vestido midi de crochet com aplica\u00e7\u00f5es<\/a>. O vestido, no <a href=\"https:\/\/versa.iol.pt\/moda\/pantone\/e-a-cor-do-ano-para-2025-e-amiga-da-tendencia-quiet-luxury\/20241205\/6751b9ebd34ea1acf271768e\" rel=\"nofollow noopener\" target=\"_blank\">tom tend\u00eancia castanho, ou Mocha Mousse<\/a>, tem um decote em bico com fornituras douradas e manga comprida e um forro interior. Ora, no caso da digital influencer, o forro desapareceu para dar lugar a algumas transpar\u00eancias que deixam o biqu\u00edni vis\u00edvel.\u00a0<\/p>\n<p>O vestido est\u00e1 assim adaptado \u00e0 digital influencer, mas tu podes ter o original e em saldos. \u00c9 que em vez dos originais \u20ac39,95, gra\u00e7as a um desconto de 42%, o vestido encontra-se \u00e0 venda por \u20ac22,99.\u00a0<\/p>\n<p>Mostramos a pe\u00e7a na galeria de imagens, \u00e0 qual juntamos outros artigos em saldos na Zara.<\/p>\n<p>\u00a0<\/p>\n","protected":false},"excerpt":{"rendered":"Se est\u00e1s \u00e0 procure de roupa de praia, porque n\u00e3o apostar nas \u00faltimas tend\u00eancias para estar sempre em&hellip;\n","protected":false},"author":2,"featured_media":15458,"comment_status":"","ping_status":"","sticky":false,"template":"","format":"standard","meta":{"footnotes":""},"categories":[85],"tags":[1081,204,114,115,754,6117,186,1079,32,33,1078,1367,1080,3480],"class_list":{"0":"post-15457","1":"post","2":"type-post","3":"status-publish","4":"format-standard","5":"has-post-thumbnail","7":"category-entretenimento","8":"tag-beleza","9":"tag-design","10":"tag-entertainment","11":"tag-entretenimento","12":"tag-gastronomia","13":"tag-helena-coelho","14":"tag-lifestyle","15":"tag-moda","16":"tag-portugal","17":"tag-pt","18":"tag-versa","19":"tag-vestido","20":"tag-viagens","21":"tag-zara"},"share_on_mastodon":{"url":"","error":""},"_links":{"self":[{"href":"https:\/\/www.europesays.com\/pt\/wp-json\/wp\/v2\/posts\/15457","targetHints":{"allow":["GET"]}}],"collection":[{"href":"https:\/\/www.europesays.com\/pt\/wp-json\/wp\/v2\/posts"}],"about":[{"href":"https:\/\/www.europesays.com\/pt\/wp-json\/wp\/v2\/types\/post"}],"author":[{"embeddable":true,"href":"https:\/\/www.europesays.com\/pt\/wp-json\/wp\/v2\/users\/2"}],"replies":[{"embeddable":true,"href":"https:\/\/www.europesays.com\/pt\/wp-json\/wp\/v2\/comments?post=15457"}],"version-history":[{"count":0,"href":"https:\/\/www.europesays.com\/pt\/wp-json\/wp\/v2\/posts\/15457\/revisions"}],"wp:featuredmedia":[{"embeddable":true,"href":"https:\/\/www.europesays.com\/pt\/wp-json\/wp\/v2\/media\/15458"}],"wp:attachment":[{"href":"https:\/\/www.europesays.com\/pt\/wp-json\/wp\/v2\/media?parent=15457"}],"wp:term":[{"taxonomy":"category","embeddable":true,"href":"https:\/\/www.europesays.com\/pt\/wp-json\/wp\/v2\/categories?post=15457"},{"taxonomy":"post_tag","embeddable":true,"href":"https:\/\/www.europesays.com\/pt\/wp-json\/wp\/v2\/tags?post=15457"}],"curies":[{"name":"wp","href":"https:\/\/api.w.org\/{rel}","templated":true}]}}