{"id":154578,"date":"2025-11-17T02:35:08","date_gmt":"2025-11-17T02:35:08","guid":{"rendered":"https:\/\/www.europesays.com\/pt\/154578\/"},"modified":"2025-11-17T02:35:08","modified_gmt":"2025-11-17T02:35:08","slug":"poco-pad-m1-vaza-com-processador-snapdragon-e-bateria-de-12-000-mah-tudo-em-tecnologia","status":"publish","type":"post","link":"https:\/\/www.europesays.com\/pt\/154578\/","title":{"rendered":"POCO Pad M1 vaza com processador Snapdragon e bateria de 12.000 mAh \u2013 Tudo em Tecnologia"},"content":{"rendered":"<p>A <strong>POCO <\/strong>est\u00e1 preparando um novo tablet focado em custo-benef\u00edcio chamado <strong>POCO Pad M1<\/strong>. O modelo deve chegar como uma vers\u00e3o remarcada do Redmi Pad 2 Pro, a\u00e7\u00e3o que ocorre enquanto a marca tamb\u00e9m se prepara para lan\u00e7ar os novos<strong> F8 Pro<\/strong> e <strong>F8 Ultra<\/strong>. E agora, as principais especifica\u00e7\u00f5es do tablet acabam de aparecer na web antes do an\u00fancio oficinal. <\/p>\n<p>Segundo a fonte, o <strong>POCO Pad M1<\/strong> vir\u00e1 com uma tela sens\u00edvel ao toque de 12.1 polegadas com resolu\u00e7\u00e3o 1600 x 2560 pixels. O tablet vir\u00e1 com um painel de 120 Hz de taxa de atualiza\u00e7\u00e3o. A constru\u00e7\u00e3o do modelo ainda promete impressionar com tamanho em torno de 278 x 181,65 x 7,5 mm e peso em torno de 610g. Al\u00e9m disso, tudo indica que vir\u00e1 com uma entrada para fone de ouvido de 3,5 mm.<\/p>\n<p>Por dentro, a marca incluir\u00e1 um processado<strong>r Snapdragon 7s Gen 4 <\/strong>combinado com LPDDR4X RAM e armazenamento UFS 2.2, com suporte para expans\u00e3o em microSD. Para as fotos, haver\u00e1 uma c\u00e2mera frontal de <strong>8 megapixels<\/strong> para chamadas de v\u00eddeo. Em software, a marca deve incluir de f\u00e1brica o sistema HyperOS 2 baseado no Android 15.<\/p>\n<p><img fetchpriority=\"high\" decoding=\"async\" width=\"852\" height=\"365\" src=\"https:\/\/www.europesays.com\/pt\/wp-content\/uploads\/2025\/11\/tablet-poco.jpg\" alt=\"\" class=\"wp-image-204804\"  \/><\/p>\n<p>Agora, algo que chamou bastante a aten\u00e7\u00e3o foi o surgimento da super bateria de <strong>12.000mAh<\/strong>, capacidade bem acima da m\u00e9dia para a categoria. Haver\u00e1 tamb\u00e9m suporte a carregamento cabeado de 33W. Al\u00e9m disso, deve chegar com mais destaques como prote\u00e7\u00e3o <strong>IP54<\/strong> contra \u00e1gua, suporte para Wi-Fi 6, Bluetooth 5.4 e USB 2.0. <\/p>\n<p><a href=\"https:\/\/www.gizmochina.com\/2025\/11\/15\/poco-pad-m1-specifications-color-options-and-price-leaked-ahead-of-launch\/\" rel=\"nofollow noopener\" target=\"_blank\">Fonte <\/a><\/p>\n","protected":false},"excerpt":{"rendered":"A POCO est\u00e1 preparando um novo tablet focado em custo-benef\u00edcio chamado POCO Pad M1. O modelo deve chegar&hellip;\n","protected":false},"author":2,"featured_media":154579,"comment_status":"","ping_status":"","sticky":false,"template":"","format":"standard","meta":{"footnotes":""},"categories":[84],"tags":[109,107,108,49,32,33,105,103,104,106,110],"class_list":{"0":"post-154578","1":"post","2":"type-post","3":"status-publish","4":"format-standard","5":"has-post-thumbnail","7":"category-ciencia-e-tecnologia","8":"tag-ciencia","9":"tag-ciencia-e-tecnologia","10":"tag-cienciaetecnologia","11":"tag-destaques","12":"tag-portugal","13":"tag-pt","14":"tag-science","15":"tag-science-and-technology","16":"tag-scienceandtechnology","17":"tag-technology","18":"tag-tecnologia"},"share_on_mastodon":{"url":"https:\/\/pubeurope.com\/@pt\/115562710757866691","error":""},"_links":{"self":[{"href":"https:\/\/www.europesays.com\/pt\/wp-json\/wp\/v2\/posts\/154578","targetHints":{"allow":["GET"]}}],"collection":[{"href":"https:\/\/www.europesays.com\/pt\/wp-json\/wp\/v2\/posts"}],"about":[{"href":"https:\/\/www.europesays.com\/pt\/wp-json\/wp\/v2\/types\/post"}],"author":[{"embeddable":true,"href":"https:\/\/www.europesays.com\/pt\/wp-json\/wp\/v2\/users\/2"}],"replies":[{"embeddable":true,"href":"https:\/\/www.europesays.com\/pt\/wp-json\/wp\/v2\/comments?post=154578"}],"version-history":[{"count":0,"href":"https:\/\/www.europesays.com\/pt\/wp-json\/wp\/v2\/posts\/154578\/revisions"}],"wp:featuredmedia":[{"embeddable":true,"href":"https:\/\/www.europesays.com\/pt\/wp-json\/wp\/v2\/media\/154579"}],"wp:attachment":[{"href":"https:\/\/www.europesays.com\/pt\/wp-json\/wp\/v2\/media?parent=154578"}],"wp:term":[{"taxonomy":"category","embeddable":true,"href":"https:\/\/www.europesays.com\/pt\/wp-json\/wp\/v2\/categories?post=154578"},{"taxonomy":"post_tag","embeddable":true,"href":"https:\/\/www.europesays.com\/pt\/wp-json\/wp\/v2\/tags?post=154578"}],"curies":[{"name":"wp","href":"https:\/\/api.w.org\/{rel}","templated":true}]}}