{"id":154611,"date":"2025-11-17T03:26:23","date_gmt":"2025-11-17T03:26:23","guid":{"rendered":"https:\/\/www.europesays.com\/pt\/154611\/"},"modified":"2025-11-17T03:26:23","modified_gmt":"2025-11-17T03:26:23","slug":"em-risco-de-ser-expulso-dylan-lanca-apelo-peculiar","status":"publish","type":"post","link":"https:\/\/www.europesays.com\/pt\/154611\/","title":{"rendered":"Em risco de ser expulso, Dylan lan\u00e7a apelo &#8220;peculiar&#8221;"},"content":{"rendered":"<p>\t\t\t\t\t\t\t\t\t\t\t\t\t\tDylan est\u00e1 nomeado e em risco de abandonar a \u201cCasa dos Segredos 9\u201d na noite deste domingo 16 de novembro.<\/p>\n<p>Como j\u00e1 \u00e9 habitual, a produ\u00e7\u00e3o do reality-show partilhou, esta manh\u00e3, o apelo de cada um dos nomeados, nos stories do Instagram.<\/p>\n<p>Ap\u00f3s ver o seu segredo ser revelado, Dylan apelou aos f\u00e3s \u2013 mas acabou por deixar no ar uma frase intrigante.<\/p>\n<p>O concorrente come\u00e7ou por dizer: \u201cOl\u00e1 a todos, acabadinho de acordar. Como sabem esta semana estou nomeado. Estamos a chegar perto da reta final. <strong>Se est\u00e3o a gostar do que est\u00e3o a ver ainda tem muito mais coisa para vir<\/strong>\u201c.<\/p>\n<p>\u201cPortanto, <strong>agrade\u00e7o a ajudinha a todos os f\u00e3s, se eu<\/strong> <strong>tiver,<\/strong> portanto, toca a votar e j\u00e1 sabem: rumo \u00e0 final estamos juntos\u201d \u2013 acrescentou.<\/p>\n<p>Veja aqui:<\/p>\n<p>\u00a0<\/p>\n","protected":false},"excerpt":{"rendered":"Dylan est\u00e1 nomeado e em risco de abandonar a \u201cCasa dos Segredos 9\u201d na noite deste domingo 16&hellip;\n","protected":false},"author":2,"featured_media":154612,"comment_status":"","ping_status":"","sticky":false,"template":"","format":"standard","meta":{"footnotes":""},"categories":[142],"tags":[4545,2632,19105,114,115,7092,32,33,151],"class_list":{"0":"post-154611","1":"post","2":"type-post","3":"status-publish","4":"format-standard","5":"has-post-thumbnail","7":"category-tv","8":"tag-apelo","9":"tag-casa-dos-segredos","10":"tag-dylan","11":"tag-entertainment","12":"tag-entretenimento","13":"tag-nomeado","14":"tag-portugal","15":"tag-pt","16":"tag-tv"},"share_on_mastodon":{"url":"https:\/\/pubeurope.com\/@pt\/115562911076954140","error":""},"_links":{"self":[{"href":"https:\/\/www.europesays.com\/pt\/wp-json\/wp\/v2\/posts\/154611","targetHints":{"allow":["GET"]}}],"collection":[{"href":"https:\/\/www.europesays.com\/pt\/wp-json\/wp\/v2\/posts"}],"about":[{"href":"https:\/\/www.europesays.com\/pt\/wp-json\/wp\/v2\/types\/post"}],"author":[{"embeddable":true,"href":"https:\/\/www.europesays.com\/pt\/wp-json\/wp\/v2\/users\/2"}],"replies":[{"embeddable":true,"href":"https:\/\/www.europesays.com\/pt\/wp-json\/wp\/v2\/comments?post=154611"}],"version-history":[{"count":0,"href":"https:\/\/www.europesays.com\/pt\/wp-json\/wp\/v2\/posts\/154611\/revisions"}],"wp:featuredmedia":[{"embeddable":true,"href":"https:\/\/www.europesays.com\/pt\/wp-json\/wp\/v2\/media\/154612"}],"wp:attachment":[{"href":"https:\/\/www.europesays.com\/pt\/wp-json\/wp\/v2\/media?parent=154611"}],"wp:term":[{"taxonomy":"category","embeddable":true,"href":"https:\/\/www.europesays.com\/pt\/wp-json\/wp\/v2\/categories?post=154611"},{"taxonomy":"post_tag","embeddable":true,"href":"https:\/\/www.europesays.com\/pt\/wp-json\/wp\/v2\/tags?post=154611"}],"curies":[{"name":"wp","href":"https:\/\/api.w.org\/{rel}","templated":true}]}}