{"id":154622,"date":"2025-11-17T03:41:56","date_gmt":"2025-11-17T03:41:56","guid":{"rendered":"https:\/\/www.europesays.com\/pt\/154622\/"},"modified":"2025-11-17T03:41:56","modified_gmt":"2025-11-17T03:41:56","slug":"liliana-e-marisa-susana-unidas-em-sessao-de-fofoca-e-rasgam-concorrente-nao-gosto-das-atitudes-secret-story","status":"publish","type":"post","link":"https:\/\/www.europesays.com\/pt\/154622\/","title":{"rendered":"Liliana e Marisa Susana unidas em sess\u00e3o de fofoca, e &#8216;rasgam&#8217; concorrente: \u00abN\u00e3o gosto das atitudes&#8230;\u00bb &#8211; Secret Story"},"content":{"rendered":"<p>No Secret Story 9, o ch\u00e1 est\u00e1 servido, e as fofocas tamb\u00e9m! Marisa Susana e Liliana est\u00e3o cada vez mais pr\u00f3ximas e aproveitam um momento a s\u00f3s para falarem sobre os concorrentes, especialmente sobre Marisa. Veja tudo o que foi dito.\u00a0<\/p>\n<p><strong>Esta semana h\u00e1 cinco concorrentes em risco de abandonar a casa mais vigiada do Pa\u00eds no pr\u00f3ximo domingo.\u00a0<\/strong><\/p>\n<p>VOTE PARA SALVAR:<\/p>\n<p>ANA \u2013 761 20 20 01<br \/>ANA CRISTINA \u2013 761 20 20 02<br \/>DYLAN \u2013 761 20 20 07<br \/>LEANDRO \u2013 761 20 20 12<br \/>PEDRO &#8211; 761 20 20 18<\/p>\n<p><strong><a href=\"https:\/\/tvi.iol.pt\/secretstory\/aominuto\" rel=\"nofollow noopener\" target=\"_blank\">Acompanhe tudo o que se passa na casa mais vigiada do Pa\u00eds<\/a><\/strong><\/p>\n","protected":false},"excerpt":{"rendered":"No Secret Story 9, o ch\u00e1 est\u00e1 servido, e as fofocas tamb\u00e9m! Marisa Susana e Liliana est\u00e3o cada&hellip;\n","protected":false},"author":2,"featured_media":154623,"comment_status":"","ping_status":"","sticky":false,"template":"","format":"standard","meta":{"footnotes":""},"categories":[142],"tags":[19374,19373,114,115,19016,19153,19375,32,33,151],"class_list":{"0":"post-154622","1":"post","2":"type-post","3":"status-publish","4":"format-standard","5":"has-post-thumbnail","7":"category-tv","8":"tag-confrontos-concorrentes","9":"tag-discussoes-secret-story","10":"tag-entertainment","11":"tag-entretenimento","12":"tag-liliana","13":"tag-marisa-susana","14":"tag-polemicas","15":"tag-portugal","16":"tag-pt","17":"tag-tv"},"share_on_mastodon":{"url":"https:\/\/pubeurope.com\/@pt\/115562973962455902","error":""},"_links":{"self":[{"href":"https:\/\/www.europesays.com\/pt\/wp-json\/wp\/v2\/posts\/154622","targetHints":{"allow":["GET"]}}],"collection":[{"href":"https:\/\/www.europesays.com\/pt\/wp-json\/wp\/v2\/posts"}],"about":[{"href":"https:\/\/www.europesays.com\/pt\/wp-json\/wp\/v2\/types\/post"}],"author":[{"embeddable":true,"href":"https:\/\/www.europesays.com\/pt\/wp-json\/wp\/v2\/users\/2"}],"replies":[{"embeddable":true,"href":"https:\/\/www.europesays.com\/pt\/wp-json\/wp\/v2\/comments?post=154622"}],"version-history":[{"count":0,"href":"https:\/\/www.europesays.com\/pt\/wp-json\/wp\/v2\/posts\/154622\/revisions"}],"wp:featuredmedia":[{"embeddable":true,"href":"https:\/\/www.europesays.com\/pt\/wp-json\/wp\/v2\/media\/154623"}],"wp:attachment":[{"href":"https:\/\/www.europesays.com\/pt\/wp-json\/wp\/v2\/media?parent=154622"}],"wp:term":[{"taxonomy":"category","embeddable":true,"href":"https:\/\/www.europesays.com\/pt\/wp-json\/wp\/v2\/categories?post=154622"},{"taxonomy":"post_tag","embeddable":true,"href":"https:\/\/www.europesays.com\/pt\/wp-json\/wp\/v2\/tags?post=154622"}],"curies":[{"name":"wp","href":"https:\/\/api.w.org\/{rel}","templated":true}]}}