{"id":154637,"date":"2025-11-17T04:00:09","date_gmt":"2025-11-17T04:00:09","guid":{"rendered":"https:\/\/www.europesays.com\/pt\/154637\/"},"modified":"2025-11-17T04:00:09","modified_gmt":"2025-11-17T04:00:09","slug":"perda-de-visao-faz-ian-gillan-considerar-possibilidade-de-aposentadoria","status":"publish","type":"post","link":"https:\/\/www.europesays.com\/pt\/154637\/","title":{"rendered":"Perda de vis\u00e3o faz Ian Gillan considerar possibilidade de aposentadoria"},"content":{"rendered":"<p>Aos 80 anos, Ian Gillan est\u00e1 considerando a possibilidade de abandonar os palcos em definitivo. O vocalista do Deep Purple revelou \u00e0 revista Uncut \u2013 via <a href=\"https:\/\/igormiranda.com.br\/2025\/11\/ian-gillan-revela-perda-visao-considera-aposentadoria\/\" rel=\"nofollow noopener\" target=\"_blank\">Igor Miranda<\/a> \u2013 estar com a capacidade de enxergar bastante defasada para os padr\u00f5es normais, o que dificulta bastante seu trabalho.<\/p>\n<p><a href=\"https:\/\/whiplash.net\/bandas\/d\/deeppurple.html\" class=\"linkBotao\" rel=\"nofollow noopener\" target=\"_blank\">Deep Purple &#8211; Mais Novidades<\/a><br \/><a target=\"_blank\" href=\"https:\/\/www.europesays.com\/pt\/wp-content\/uploads\/2025\/11\/deeppurple_iangillan_promo.jpg\"><img loading=\"lazy\" decoding=\"async\" src=\"https:\/\/www.europesays.com\/pt\/wp-content\/uploads\/2025\/11\/deeppurple_iangillan_promo.jpg\" class=\"widthConstrained\" width=\"700\" height=\"481\" alt=\"Foto: Ben Wolf\"\/><\/a>Foto: Ben Wolf<\/p>\n<p>CONTINUA DEPOIS DA PUBLICIDADE &#8211; CLI<\/p>\n<p>&#13;<br \/>\n&#13;<br \/>\n&#13;<br \/>\n&#13;<br \/>\n&#13;<br \/>\n&#13;<br \/>\n&#13;<br \/>\n&#13;<br \/>\n<a href=\"https:\/\/whiplash.net\/materias\/whiplash\/027002.html\" rel=\"nofollow noopener\" target=\"_blank\"><img decoding=\"async\" src=\"https:\/\/www.europesays.com\/pt\/wp-content\/uploads\/2025\/10\/1760413028_813_anunciar_diabo_336x280.gif\" loading=\"lazy\" width=\"336\" height=\"280\" class=\"widthConstrained\" style=\"background-color:#000000;display:block;\" alt=\"Anunciar bandas e shows de Rock e Heavy Metal\"\/><\/a>&#13;<\/p>\n<p>&#8220;S\u00f3 tenho 30% da minha vis\u00e3o hoje em dia. N\u00e3o vai melhorar. Isso torna a vida misteriosa. A coisa mais dif\u00edcil \u00e9 trabalhar no meu laptop. N\u00e3o consigo ver nada na tela a n\u00e3o ser que use minha vis\u00e3o perif\u00e9rica \u2013 consigo entender uma frase olhando para ela de lado. Mas voc\u00ea encontra um jeito. Voc\u00ea se adapta.&#8221;<\/p>\n<p>Sem estipular um prazo de continuidade, o cantor n\u00e3o esconde que em algum momento ser\u00e1 inevit\u00e1vel sair de cena em definitivo. &#8220;Acho que se perder minha energia, eu vou parar. N\u00e3o quero ser um motivo de vergonha para ningu\u00e9m. N\u00e3o estamos muito longe disso. Esse momento chega do nada \u2013 voc\u00ea n\u00e3o o nota vindo.&#8221;<\/p>\n<p>Apesar dos percal\u00e7os, o <a href=\"https:\/\/whiplash.net\/bandas\/d\/deeppurple.html\" class=\"hotwords\" rel=\"nofollow noopener\" target=\"_blank\">Deep Purple<\/a> segue com <a href=\"https:\/\/whiplash.net\/temas\/a\/agenda.html\" class=\"hotwords\" rel=\"nofollow noopener\" target=\"_blank\">agenda<\/a> cheia. O grupo tem shows agendados na \u00c1sia entre o final deste ano e in\u00edcio do pr\u00f3ximo. Na metade de 2026, far\u00e1 uma turn\u00ea completa pela Europa, mesclando datas individuais com participa\u00e7\u00f5es nos festivais de ver\u00e3o. Um novo \u00e1lbum de est\u00fadio tamb\u00e9m est\u00e1 nos planos.<\/p>\n<p>CONTINUA DEPOIS DA PUBLICIDADE &#8211; GOO<\/p>\n<p>&#13;<br \/>\n&#13;<br \/>\n&#13;<br \/>\n&#13;<br \/>\n<a href=\"https:\/\/whiplash.net\/materias\/whiplash\/027002.html\" rel=\"nofollow noopener\" target=\"_blank\"><img decoding=\"async\" src=\"https:\/\/www.europesays.com\/pt\/wp-content\/uploads\/2025\/10\/1760413028_813_anunciar_diabo_336x280.gif\" loading=\"lazy\" width=\"336\" height=\"280\" alt=\"Anunciar no Whiplash.Net\"\/><\/a>&#13;<br \/>\n&#13;<br \/>\n&#13;<br \/>\n&#13;<br \/>\n&#13;<br \/>\n&#13;<br \/>\n<a href=\"https:\/\/whiplash.net\/materias\/whiplash\/027002.html\" rel=\"nofollow noopener\" target=\"_blank\"><img decoding=\"async\" src=\"https:\/\/www.europesays.com\/pt\/wp-content\/uploads\/2025\/10\/1760413028_813_anunciar_diabo_336x280.gif\" loading=\"lazy\" width=\"336\" height=\"280\" class=\"widthConstrained\" style=\"background-color:#000000;display:block;\" alt=\"Anunciar bandas e shows de Rock e Heavy Metal\"\/><\/a>&#13;<\/p>\n","protected":false},"excerpt":{"rendered":"Aos 80 anos, Ian Gillan est\u00e1 considerando a possibilidade de abandonar os palcos em definitivo. O vocalista do&hellip;\n","protected":false},"author":2,"featured_media":154638,"comment_status":"","ping_status":"","sticky":false,"template":"","format":"standard","meta":{"footnotes":""},"categories":[141],"tags":[114,115,149,150,32,33],"class_list":{"0":"post-154637","1":"post","2":"type-post","3":"status-publish","4":"format-standard","5":"has-post-thumbnail","7":"category-musica","8":"tag-entertainment","9":"tag-entretenimento","10":"tag-music","11":"tag-musica","12":"tag-portugal","13":"tag-pt"},"share_on_mastodon":{"url":"https:\/\/pubeurope.com\/@pt\/115563044890195662","error":""},"_links":{"self":[{"href":"https:\/\/www.europesays.com\/pt\/wp-json\/wp\/v2\/posts\/154637","targetHints":{"allow":["GET"]}}],"collection":[{"href":"https:\/\/www.europesays.com\/pt\/wp-json\/wp\/v2\/posts"}],"about":[{"href":"https:\/\/www.europesays.com\/pt\/wp-json\/wp\/v2\/types\/post"}],"author":[{"embeddable":true,"href":"https:\/\/www.europesays.com\/pt\/wp-json\/wp\/v2\/users\/2"}],"replies":[{"embeddable":true,"href":"https:\/\/www.europesays.com\/pt\/wp-json\/wp\/v2\/comments?post=154637"}],"version-history":[{"count":0,"href":"https:\/\/www.europesays.com\/pt\/wp-json\/wp\/v2\/posts\/154637\/revisions"}],"wp:featuredmedia":[{"embeddable":true,"href":"https:\/\/www.europesays.com\/pt\/wp-json\/wp\/v2\/media\/154638"}],"wp:attachment":[{"href":"https:\/\/www.europesays.com\/pt\/wp-json\/wp\/v2\/media?parent=154637"}],"wp:term":[{"taxonomy":"category","embeddable":true,"href":"https:\/\/www.europesays.com\/pt\/wp-json\/wp\/v2\/categories?post=154637"},{"taxonomy":"post_tag","embeddable":true,"href":"https:\/\/www.europesays.com\/pt\/wp-json\/wp\/v2\/tags?post=154637"}],"curies":[{"name":"wp","href":"https:\/\/api.w.org\/{rel}","templated":true}]}}