{"id":154640,"date":"2025-11-17T04:02:15","date_gmt":"2025-11-17T04:02:15","guid":{"rendered":"https:\/\/www.europesays.com\/pt\/154640\/"},"modified":"2025-11-17T04:02:15","modified_gmt":"2025-11-17T04:02:15","slug":"troy-parrott-o-substituto-de-pavlidis-que-e-heroi-nacional-na-irlanda","status":"publish","type":"post","link":"https:\/\/www.europesays.com\/pt\/154640\/","title":{"rendered":"Troy Parrott: o substituto de Pavlidis que \u00e9 her\u00f3i nacional na Irlanda"},"content":{"rendered":"<p>Troy Parrott j\u00e1 \u00e9, seguramente, her\u00f3i nacional na Irlanda. A sele\u00e7\u00e3o do pequeno pa\u00eds insular integrava o Grupo F da qualifica\u00e7\u00e3o para o Mundial 2026 com Portugal, Hungria e Arm\u00e9nia. Os nomes davam alguma esperan\u00e7a \u00e0 sele\u00e7\u00e3o irlandesa, talvez para um segundo lugar. A realidade mostrou que ambicionar chegar ao Mundial&#8230; n\u00e3o \u00e9 f\u00e1cil.<\/p>\n<p><strong>Isto porque a Irlanda chegou a este est\u00e1gio de novembro com quatro pontos, em terceiro lugar no Grupo<\/strong>. Portugal tinha dez pontos, a Hungria cinco. O primeiro lugar seria quase inalcan\u00e7\u00e1vel, mas o segundo, que d\u00e1 acesso ao play-off de apuramento, era uma ambi\u00e7\u00e3o leg\u00edtima. Faltava, para isso, ganhar.<\/p>\n<p>E a Irlanda venceu mesmo os dois \u00faltimos jogos. O primeiro, em casa, diante de um Portugal recheado de estrelas mas que brilhou muito pouco. A expuls\u00e3o de Cristiano Ronaldo ajudou ao <strong><a href=\"https:\/\/maisfutebol.iol.pt\/jogo\/aominuto\/republica-da-irlanda\/portugal\/13820863\" rel=\"nofollow noopener\" target=\"_blank\">2-0 dos irlandeses<\/a><\/strong>. <strong>Troy Parrott, avan\u00e7ado do AZ Alkmaar, bisou e foi o her\u00f3i da noite. Mas n\u00e3o se ficou por a\u00ed.<\/strong><\/p>\n<p>Neste domingo, <strong><a href=\"https:\/\/maisfutebol.iol.pt\/mundial\/mundial-2026\/mundial-2026-irlanda-aplica-reviravolta-epica-na-hungria-e-garante-play-off\" rel=\"nofollow noopener\" target=\"_blank\">num duelo de alta import\u00e2ncia<\/a><\/strong>, a Irlanda deslocou-se at\u00e9 \u00e0 Hungria para discutir o segundo lugar. Em Budapeste, a Hungria at\u00e9 marcou primeiro, mas Parrott empatou de grande penalidade aos 15 minutos. Varga (que tamb\u00e9m marcou a Portugal), voltou a p\u00f4r a Hungria na frente aos 37 minutos.<\/p>\n<p>A Irlanda perdia ao intervalo, mas celebrou no apito final. <strong>Parrott bisou aos 80m (com um &#8216;picadinha&#8217; \u00e0 brasileira) e fez o golo da euforia aos 90+6m,<\/strong> j\u00e1 depois dos cinco minutos de compensa\u00e7\u00e3o dados pelo \u00e1rbitro. Uma jogada de futebol direto, bem brit\u00e2nico, deu a vit\u00f3ria aos irlandeses. A celebra\u00e7\u00e3o foi incr\u00edvel.<\/p>\n<p>Depois deste jogo de muitas emo\u00e7\u00f5es, Troy Parrott desabou ap\u00f3s o apito final, com um discurso interrompido pelas l\u00e1grimas.<\/p>\n<p>\u00abEstou muito emocionado, desculpem. S\u00e3o l\u00e1grimas de alegria. N\u00e3o consigo acreditar. \u00c9 por isto que amamos o futebol. Amo de onde venho, isto significa o mundo para mim. A minha fam\u00edlia est\u00e1 c\u00e1. Disse depois do jogo com Portugal que os sonhos s\u00e3o feitos disto, mas esta noite&#8230; penso que n\u00e3o terei uma melhor na minha vida\u00bb, resumiu.<\/p>\n<p> Parrott substituiu Pavlidis no AZ e foi treinado por Jos\u00e9 Mourinho no Tottenham\u00a0 <\/p>\n<p>Troy Parrott, natural de Dublin, ainda n\u00e3o tinha marcado no apuramento. Ali\u00e1s, tinha sido suplente utilizado nos dois primeiros jogos, sem grande express\u00e3o. As duas titularidades concedidas por\u00a0Heimir Hallgr\u00edmsson foram retribu\u00eddas com <strong>cinco golos marcados.<\/strong><\/p>\n<p>Parrott levou a bola de jogo para casa no final, assinada pelos colegas de equipa. Aos 23 anos vive uma temporada excecional, a pedir outros voos. Juntando sele\u00e7\u00e3o irlandesa e AZ Alkmaar, o seu clube, tem 18 golos em 18 jogos. <strong>Na Liga Confer\u00eancia, \u00e9 o melhor marcador.<\/strong><\/p>\n<p>\u00c9 a segunda temporada do irland\u00eas no clube neerland\u00eas, onde ganhou protagonismo. Curiosamente, foi Troy Parrott que ocupou o espa\u00e7o vago deixado por <strong>Vangelis Pavlidis<\/strong> no ver\u00e3o de 2024 &#8211; o grego assinou pelo Benfica no in\u00edcio do mercado de transfer\u00eancias e Parrott chegou quinze dias depois.<\/p>\n<p><strong>N\u00e3o serviu para o Tottenham<\/strong> &#8211; formado nesse clube, fez apenas quatro jogos na equipa principal e nunca marcou. Curiosamente, tr\u00eas desses jogos aconteceram sob o leme de <strong>Jos\u00e9 Mourinho<\/strong>, em 2019\/20.\u00a0<\/p>\n<p>Teve v\u00e1rios empr\u00e9stimos no Championship e um no Excelsior, nos Pa\u00edses Baixos, at\u00e9 conseguir convencer o AZ a investir oito milh\u00f5es de euros nele. A continuar assim, dar\u00e1 lucro ao clube neerland\u00eas.<\/p>\n<p>Aos 17 anos, tinha o mundo a seus p\u00e9s. Um dirigente do Belvedere, pequeno clube onde Parrott jogou at\u00e9 essa idade, revelou ao jornal RTE que clubes como <strong>Barcelona, Bayern Munique, Juventus e Real Madrid perguntaram pelos seus pr\u00e9stimos<\/strong>, mas optou pelo Tottenham que outrora foi do compatriota Robbie Keane. Desde a\u00ed at\u00e9 agora, o percurso foi feito de altos e baixos, mas as luzes da ribalta voltaram a ilumin\u00e1-lo.<\/p>\n<p>A hist\u00f3ria n\u00e3o acaba aqui. Falta agora conhecer o advers\u00e1rio do play-off e, quem sabe, a Irlanda pode voltar a um Mundial 24 anos depois. Os irlandeses disputaram tr\u00eas vezes a competi\u00e7\u00e3o, em 1990, 1994 e 2002&#8230; <strong>quando Parrott tinha apenas quatro meses.<\/strong>\u00a0<\/p>\n<p><img loading=\"lazy\" decoding=\"async\" alt=\"\" height=\"563\" src=\"https:\/\/www.europesays.com\/pt\/wp-content\/uploads\/2025\/11\/691a07bad34e3caad84b59c6.webp\" width=\"1000\"\/><\/p>\n","protected":false},"excerpt":{"rendered":"Troy Parrott j\u00e1 \u00e9, seguramente, her\u00f3i nacional na Irlanda. A sele\u00e7\u00e3o do pequeno pa\u00eds insular integrava o Grupo&hellip;\n","protected":false},"author":2,"featured_media":154641,"comment_status":"","ping_status":"","sticky":false,"template":"","format":"standard","meta":{"footnotes":""},"categories":[87],"tags":[135,9852,46,30130,12632,33309,32,33,47,134,33308,262],"class_list":{"0":"post-154640","1":"post","2":"type-post","3":"status-publish","4":"format-standard","5":"has-post-thumbnail","7":"category-desporto","8":"tag-desporto","9":"tag-irlanda","10":"tag-maisfutebol","11":"tag-mftotal","12":"tag-mundial-2026","13":"tag-parrott","14":"tag-portugal","15":"tag-pt","16":"tag-pura-paixao","17":"tag-sports","18":"tag-troy-parrott","19":"tag-vangelis-pavlidis"},"share_on_mastodon":{"url":"https:\/\/pubeurope.com\/@pt\/115563052753120977","error":""},"_links":{"self":[{"href":"https:\/\/www.europesays.com\/pt\/wp-json\/wp\/v2\/posts\/154640","targetHints":{"allow":["GET"]}}],"collection":[{"href":"https:\/\/www.europesays.com\/pt\/wp-json\/wp\/v2\/posts"}],"about":[{"href":"https:\/\/www.europesays.com\/pt\/wp-json\/wp\/v2\/types\/post"}],"author":[{"embeddable":true,"href":"https:\/\/www.europesays.com\/pt\/wp-json\/wp\/v2\/users\/2"}],"replies":[{"embeddable":true,"href":"https:\/\/www.europesays.com\/pt\/wp-json\/wp\/v2\/comments?post=154640"}],"version-history":[{"count":0,"href":"https:\/\/www.europesays.com\/pt\/wp-json\/wp\/v2\/posts\/154640\/revisions"}],"wp:featuredmedia":[{"embeddable":true,"href":"https:\/\/www.europesays.com\/pt\/wp-json\/wp\/v2\/media\/154641"}],"wp:attachment":[{"href":"https:\/\/www.europesays.com\/pt\/wp-json\/wp\/v2\/media?parent=154640"}],"wp:term":[{"taxonomy":"category","embeddable":true,"href":"https:\/\/www.europesays.com\/pt\/wp-json\/wp\/v2\/categories?post=154640"},{"taxonomy":"post_tag","embeddable":true,"href":"https:\/\/www.europesays.com\/pt\/wp-json\/wp\/v2\/tags?post=154640"}],"curies":[{"name":"wp","href":"https:\/\/api.w.org\/{rel}","templated":true}]}}