{"id":154655,"date":"2025-11-17T04:30:13","date_gmt":"2025-11-17T04:30:13","guid":{"rendered":"https:\/\/www.europesays.com\/pt\/154655\/"},"modified":"2025-11-17T04:30:13","modified_gmt":"2025-11-17T04:30:13","slug":"tobey-maguire-pode-voltar-como-homem-aranha-em-vingadores-doomsday-rumores-ganham-forca","status":"publish","type":"post","link":"https:\/\/www.europesays.com\/pt\/154655\/","title":{"rendered":"Tobey Maguire pode voltar como Homem-Aranha em &#8216;Vingadores: Doomsday&#8217;: rumores ganham for\u00e7a"},"content":{"rendered":"\n<p class=\" content-text__container \" data-track-category=\"Link no Texto\" data-track-links=\"\"> Uma das vozes mais diretas nessa pol\u00eamica \u00e9 a de Andrew Garfield, que interpretou o Aranha em outra franquia e tamb\u00e9m esteve de volta em &#8220;Homem-Aranha: sem volta para casa&#8221;, junto com Tobey Maguire e Tom Holland. Em entrevista \u00e0 GQ, ele afirmou: \u201cN\u00e3o, sem d\u00favida, n\u00e3o\u201d quando questionado sobre seu retorno ao filme \u2014 o que muitos f\u00e3s interpretaram como tamb\u00e9m um recado indireto sobre Maguire. O ator, no entanto, tamb\u00e9m havia negado sua participa\u00e7\u00e3o no filme anterior. Os f\u00e3s seguem esperan\u00e7osos. <\/p>\n","protected":false},"excerpt":{"rendered":"Uma das vozes mais diretas nessa pol\u00eamica \u00e9 a de Andrew Garfield, que interpretou o Aranha em outra&hellip;\n","protected":false},"author":2,"featured_media":154656,"comment_status":"","ping_status":"","sticky":false,"template":"","format":"standard","meta":{"footnotes":""},"categories":[140],"tags":[114,115,147,148,146,32,33],"class_list":{"0":"post-154655","1":"post","2":"type-post","3":"status-publish","4":"format-standard","5":"has-post-thumbnail","7":"category-filmes","8":"tag-entertainment","9":"tag-entretenimento","10":"tag-film","11":"tag-filmes","12":"tag-movies","13":"tag-portugal","14":"tag-pt"},"share_on_mastodon":{"url":"https:\/\/pubeurope.com\/@pt\/115563162762443929","error":""},"_links":{"self":[{"href":"https:\/\/www.europesays.com\/pt\/wp-json\/wp\/v2\/posts\/154655","targetHints":{"allow":["GET"]}}],"collection":[{"href":"https:\/\/www.europesays.com\/pt\/wp-json\/wp\/v2\/posts"}],"about":[{"href":"https:\/\/www.europesays.com\/pt\/wp-json\/wp\/v2\/types\/post"}],"author":[{"embeddable":true,"href":"https:\/\/www.europesays.com\/pt\/wp-json\/wp\/v2\/users\/2"}],"replies":[{"embeddable":true,"href":"https:\/\/www.europesays.com\/pt\/wp-json\/wp\/v2\/comments?post=154655"}],"version-history":[{"count":0,"href":"https:\/\/www.europesays.com\/pt\/wp-json\/wp\/v2\/posts\/154655\/revisions"}],"wp:featuredmedia":[{"embeddable":true,"href":"https:\/\/www.europesays.com\/pt\/wp-json\/wp\/v2\/media\/154656"}],"wp:attachment":[{"href":"https:\/\/www.europesays.com\/pt\/wp-json\/wp\/v2\/media?parent=154655"}],"wp:term":[{"taxonomy":"category","embeddable":true,"href":"https:\/\/www.europesays.com\/pt\/wp-json\/wp\/v2\/categories?post=154655"},{"taxonomy":"post_tag","embeddable":true,"href":"https:\/\/www.europesays.com\/pt\/wp-json\/wp\/v2\/tags?post=154655"}],"curies":[{"name":"wp","href":"https:\/\/api.w.org\/{rel}","templated":true}]}}