{"id":154680,"date":"2025-11-17T05:21:10","date_gmt":"2025-11-17T05:21:10","guid":{"rendered":"https:\/\/www.europesays.com\/pt\/154680\/"},"modified":"2025-11-17T05:21:10","modified_gmt":"2025-11-17T05:21:10","slug":"organizacoes-da-sociedade-civil-pedem-resposta-a-violencia-nas-escolas-educacao","status":"publish","type":"post","link":"https:\/\/www.europesays.com\/pt\/154680\/","title":{"rendered":"Organiza\u00e7\u00f5es da sociedade civil pedem resposta \u00e0 viol\u00eancia nas escolas | Educa\u00e7\u00e3o"},"content":{"rendered":"<p>Organiza\u00e7\u00f5es da sociedade civil exigiram neste domingo resposta das institui\u00e7\u00f5es \u00e0s den\u00fancias de viol\u00eancia nas escolas e refor\u00e7o da educa\u00e7\u00e3o para a cidadania, depois do epis\u00f3dio em que <a href=\"https:\/\/www.publico.pt\/2025\/11\/15\/sociedade\/noticia\/inspeccaogeral-educacao-averigua-amputacao-dedos-aluno-cinfaes-2154749\" target=\"_blank\" rel=\"nofollow noopener\">um aluno perdeu as pontas de dois dedos<\/a>, numa escola de Cinf\u00e3es, distrito de Viseu.<\/p>\n<p>\u201cInfelizmente este caso n\u00e3o \u00e9 \u00fanico. T\u00eam-se multiplicado em todo o pa\u00eds casos de <a href=\"https:\/\/www.publico.pt\/bullying\" rel=\"nofollow noopener\" target=\"_blank\">bullying<\/a>, muitas vezes sob a forma de agress\u00f5es, que t\u00eam como alvos preferenciais crian\u00e7as migrantes e racializadas\u201d, denunciam num comunicado conjunto a <a href=\"https:\/\/sosracismo.pt\/\" target=\"_blank\" rel=\"nofollow noopener\">SOS Racismo<\/a>, a <a href=\"https:\/\/jamarchavas.pt\/\" target=\"_blank\" rel=\"nofollow noopener\">Plataforma J\u00e1 Marchavas<\/a> e a <a href=\"https:\/\/www.queertropical.org\/\" target=\"_blank\" rel=\"nofollow noopener\">Queer Tropical<\/a>, referindo-se ao caso de um aluno da escola de Fonte Coberta, em Cinf\u00e3es, Viseu, que perdeu as pontas de dois dedos.<\/p>\n<p>Estas organiza\u00e7\u00f5es entendem que situa\u00e7\u00f5es como esta exigem ac\u00e7\u00e3o das institui\u00e7\u00f5es, \u201cno sentido de responder com celeridade \u00e0s <a href=\"https:\/\/www.publico.pt\/2024\/10\/27\/sociedade\/noticia\/convicenciaescolarpt-novo-portal-denunciar-casos-indisciplina-escola-2109594\" rel=\"nofollow noopener\" target=\"_blank\">den\u00fancias de viol\u00eancia nas escolas<\/a> e refor\u00e7ar a educa\u00e7\u00e3o para a cidadania, com particular \u00eanfase no desenvolvimento da empatia, do anti-racismo e antixenofobia\u201d.<\/p>\n<p>        &#13;<\/p>\n<p>&#13;<br \/>\n                &#13;\n            <\/p>\n<p>&#13;<\/p>\n<p>A viol\u00eancia contra pessoas e comunidades estrangeiras, consideram, \u201ctem-se manifestado de diversas formas\u201d, recordando que \u201ca extrema-direita\u201d \u2014 numa alus\u00e3o ao partido Chega \u2014 \u200b<a href=\"https:\/\/www.publico.pt\/2025\/07\/04\/sociedade\/noticia\/chega-citou-nomes-alunos-menores-constitucionalistas-falam-atropelo-lei-2139053\" rel=\"nofollow noopener\" target=\"_blank\">exp\u00f4s<\/a><a href=\"https:\/\/www.publico.pt\/2025\/07\/04\/sociedade\/noticia\/chega-citou-nomes-alunos-menores-constitucionalistas-falam-atropelo-lei-2139053\" rel=\"nofollow noopener\" target=\"_blank\"> o nome de crian\u00e7as<\/a> durante um debate no parlamento sobre a lei de migra\u00e7\u00e3o, \u201cinstrumentalizando-as de maneira vil e repugnante\u201d.<\/p>\n<p>\u201cAtitudes como essa legitimam, na esfera p\u00fablica, actos violentos que devem ser combatidos\u201d, pedem estas associa\u00e7\u00f5es, considerando fundamental o trabalho de toda a comunidade \u2014 pais, educadores e estudantes \u2014 nesse sentido.<\/p>\n<p>\u201cPortugal, como pa\u00eds signat\u00e1rio da <a href=\"https:\/\/www.publico.pt\/2016\/11\/18\/p3\/cronica\/direitos-das-criancas-e-so-fazer-1826968\" rel=\"nofollow noopener\" target=\"_blank\">Conven\u00e7\u00e3o sobre os Direitos da Crian\u00e7a<\/a> (1989), tem o dever de proteger a inf\u00e2ncia e todas as crian\u00e7as que aqui estejam, sem distin\u00e7\u00e3o\u201d, l\u00ea-se ainda no comunicado.<\/p>\n<p>        &#13;<\/p>\n<p>&#13;<br \/>\n                &#13;\n            <\/p>\n<p>&#13;<\/p>\n<p>A Inspec\u00e7\u00e3o-Geral da Educa\u00e7\u00e3o j\u00e1 abriu um processo para averiguar as circunst\u00e2ncias em que a crian\u00e7a perdeu as pontas de dois dedos, revelou no s\u00e1bado \u00e0 Lusa fonte do Minist\u00e9rio da Educa\u00e7\u00e3o.<\/p>\n<p>Na sexta-feira, Carlos Silveira, o director do Agrupamento de Escolas de Souselo, em Cinf\u00e3es, tinha indicado \u00e0 Lusa a abertura de um inqu\u00e9rito interno \u201cpara apurar os factos\u201d.<\/p>\n<p>A situa\u00e7\u00e3o foi denunciada por Nivia Estevam, que na <a href=\"https:\/\/www.instagram.com\/niestevam98\/\" target=\"_blank\" rel=\"nofollow noopener\">rede social Instagram<\/a> se apresenta como \u201cm\u00e3e da crian\u00e7a de 9 anos que teve as pontas dos dedos amputados dentro da escola em Portugal\u201d, no concelho de Cinf\u00e3es.<\/p>\n<p>\u201cDuas crian\u00e7as fecharam a porta nos dedos do meu filho\u201d quando ele foi \u00e0 casa de banho, impedindo-o \u201cde sair e pedir ajuda\u201d, contou Nivia Estevam, acrescentado que o epis\u00f3dio aconteceu depois de j\u00e1 ter feito outras queixas relativas a \u201cpux\u00f5es de cabelo, pontap\u00e9s e enforcamento\u201d, sendo que \u201cnenhuma atitude foi tomada pela escola\u201d.<\/p>\n<p>Carlos Silveira escusou-se a dar mais esclarecimentos sobre o epis\u00f3dio, que aconteceu na segunda-feira, por decorrer o inqu\u00e9rito interno, mas garantiu que \u201cos socorros foram prontamente chamados\u201d e a escola desenvolveu os procedimentos adequados.<\/p>\n<p>            <script async src=\"\/\/www.instagram.com\/embed.js\"><\/script><\/p>\n","protected":false},"excerpt":{"rendered":"Organiza\u00e7\u00f5es da sociedade civil exigiram neste domingo resposta das institui\u00e7\u00f5es \u00e0s den\u00fancias de viol\u00eancia nas escolas e refor\u00e7o&hellip;\n","protected":false},"author":2,"featured_media":154681,"comment_status":"","ping_status":"","sticky":false,"template":"","format":"standard","meta":{"footnotes":""},"categories":[10],"tags":[6373,27,28,33320,539,2859,15,16,14,25,26,21,22,2856,12,13,19,20,32,23,24,33,58,17,18,29,30,31,3097],"class_list":{"0":"post-154680","1":"post","2":"type-post","3":"status-publish","4":"format-standard","5":"has-post-thumbnail","7":"category-portugal","8":"tag-alunos","9":"tag-breaking-news","10":"tag-breakingnews","11":"tag-cinfaes","12":"tag-educacao","13":"tag-escolas","14":"tag-featured-news","15":"tag-featurednews","16":"tag-headlines","17":"tag-latest-news","18":"tag-latestnews","19":"tag-main-news","20":"tag-mainnews","21":"tag-ministerio-da-educacao","22":"tag-news","23":"tag-noticias","24":"tag-noticias-principais","25":"tag-noticiasprincipais","26":"tag-portugal","27":"tag-principais-noticias","28":"tag-principaisnoticias","29":"tag-pt","30":"tag-sociedade","31":"tag-top-stories","32":"tag-topstories","33":"tag-ultimas","34":"tag-ultimas-noticias","35":"tag-ultimasnoticias","36":"tag-violencia"},"share_on_mastodon":{"url":"https:\/\/pubeurope.com\/@pt\/115563363517135111","error":""},"_links":{"self":[{"href":"https:\/\/www.europesays.com\/pt\/wp-json\/wp\/v2\/posts\/154680","targetHints":{"allow":["GET"]}}],"collection":[{"href":"https:\/\/www.europesays.com\/pt\/wp-json\/wp\/v2\/posts"}],"about":[{"href":"https:\/\/www.europesays.com\/pt\/wp-json\/wp\/v2\/types\/post"}],"author":[{"embeddable":true,"href":"https:\/\/www.europesays.com\/pt\/wp-json\/wp\/v2\/users\/2"}],"replies":[{"embeddable":true,"href":"https:\/\/www.europesays.com\/pt\/wp-json\/wp\/v2\/comments?post=154680"}],"version-history":[{"count":0,"href":"https:\/\/www.europesays.com\/pt\/wp-json\/wp\/v2\/posts\/154680\/revisions"}],"wp:featuredmedia":[{"embeddable":true,"href":"https:\/\/www.europesays.com\/pt\/wp-json\/wp\/v2\/media\/154681"}],"wp:attachment":[{"href":"https:\/\/www.europesays.com\/pt\/wp-json\/wp\/v2\/media?parent=154680"}],"wp:term":[{"taxonomy":"category","embeddable":true,"href":"https:\/\/www.europesays.com\/pt\/wp-json\/wp\/v2\/categories?post=154680"},{"taxonomy":"post_tag","embeddable":true,"href":"https:\/\/www.europesays.com\/pt\/wp-json\/wp\/v2\/tags?post=154680"}],"curies":[{"name":"wp","href":"https:\/\/api.w.org\/{rel}","templated":true}]}}