{"id":1547,"date":"2025-07-25T20:43:08","date_gmt":"2025-07-25T20:43:08","guid":{"rendered":"https:\/\/www.europesays.com\/pt\/1547\/"},"modified":"2025-07-25T20:43:08","modified_gmt":"2025-07-25T20:43:08","slug":"sc-braga-anuncia-contratacao-de-pau-victor-ao-fc-barcelona-zerozero-pt","status":"publish","type":"post","link":"https:\/\/www.europesays.com\/pt\/1547\/","title":{"rendered":"SC Braga anuncia contrata\u00e7\u00e3o de Pau Victor ao FC Barcelona &#8211; zerozero.pt"},"content":{"rendered":"<ol>\n<li><a href=\"https:\/\/news.google.com\/rss\/articles\/CBMinwFBVV95cUxOM1Z6OGNlM3laOUt4LV9IeTNrSmxhLTBoT2ZhNXNVUFZTR0VNb21BYTdyaldmTDRxdXlTcGpvbmVtU1Bqa0YwaGpKZ2dqcWN5TTdsaU1QRm9yZ04wLWRTRkc5RkVSd1ljVVh6MV96a3Eta3I0STUzVlZSd3hPRXFnU0pBdU1NRXFhY2I2bGhVenNrTjZ0UXVOakVPZ3loMWc?oc=5\" target=\"_blank\" rel=\"nofollow noopener\">SC Braga anuncia contrata\u00e7\u00e3o de Pau Victor ao FC Barcelona<\/a>&nbsp;&nbsp;zerozero.pt<\/li>\n<li><a href=\"https:\/\/news.google.com\/rss\/articles\/CBMiqgFBVV95cUxOQ2szbnA4WU11X3doeE5oQkNobkUxZ044blZyUVRPYjdGRl83eGY0cjlnS2RWbU5vSTlRR0FJSy0wMVREbl9oOC1sZEdsN0hEMV9XUWllU3lxeHdYLWdUTjNQcVRwQThuUno0MzlsbDVabjVTZEd1dXV3V1RQa1p0Tmw0N2ZmSFdsZUlMemQ2OElzbnphSl8ydEFVYUQ0SmtNMElHSG1UbS1jdw?oc=5\" target=\"_blank\" rel=\"nofollow noopener\">Pau Victor n\u00e3o tem d\u00favidas: \u00abVai ser um grande ano\u00bb<\/a>&nbsp;&nbsp;Abola.pt<\/li>\n<li><a href=\"https:\/\/news.google.com\/rss\/articles\/CBMirAFBVV95cUxQZUNRRFo2VWNFV1pXQWRkekd5SDhNYlI1NTJBNnZ0ZDE3TUV1OFFQYkRQeUcxMzMzU0l0MFJkYjRXTW9CY3VFOWZrN093NWhXWHZfQi1sODlyaVVqcWQ5X1cxQk0tU0ZGSWk3emxSbWRsaWMyekVZX016a3B5LTVReWFyNmI1T0ZISTRxS3UtYnd2aUhicDJhNC1sOVY3WEJiS1JWTFhITWVDR1NY?oc=5\" target=\"_blank\" rel=\"nofollow noopener\">Sporting de Braga oficializa contrata\u00e7\u00e3o de Pau V\u00edctor<\/a>&nbsp;&nbsp;RTP<\/li>\n<li><a href=\"https:\/\/news.google.com\/rss\/articles\/CBMimwFBVV95cUxQblRnZHRaM0ZZdGwtOUFiMVlqQUF1MGVmaml1VVZZV0RSb1Y5ZlNueldJeExqOXVYR3NhY25GUHJ0WmN2TGZTeVIzakJrd3hub2hfT2NPQlJZTlNvS3JGWU0tY2ppUlpBN3pGVXY5S0hIenJNREVtY19NTmF5UHZSaERXODlYaWlkRDJVZlVKR3NXdFk4WVJRMUd4OA?oc=5\" target=\"_blank\" rel=\"nofollow noopener\">Barcelona vende atacante do time por 15 milh\u00f5es de euros<\/a>&nbsp;&nbsp;Gazeta Express<\/li>\n<li><a href=\"https:\/\/news.google.com\/rss\/articles\/CBMi9gFBVV95cUxNS2RNbGt3eEJhWEw2TWJDVk5jakVzZUl3NXM1WFZHMEhQbkE1bGxUSlBpRWdGVlJHRXdRY2UyaGRGX1hhRm9NemczTkpzemt5dlhxSzE3Zk5MdkUtZC1qSzQ5V1lQZE5QU3BWX1Z4THpuX0dlUUVJQlR4WjNvdkNVRXg0NGhSV1lRTy1mMkhjZ0ZPbmtaZGZMcWJFRjRMeWRtektKQnNvUzM4Z3liUFgweXRCZGRsZVdKLUdkNDU3OW1BSUhmWmhSaFpnYUc4d2cwWjBfdFJpUWdid2JOWlJ0c2x1OUQ2WDZZZEJOZEZSczJUTnJPSFE?oc=5\" target=\"_blank\" rel=\"nofollow noopener\">Pau V\u00edctor: \u00abM\u00edster transmitiu-me uma confian\u00e7a brutal que j\u00e1 n\u00e3o sentia h\u00e1 muito tempo\u00bb<\/a>&nbsp;&nbsp;Record<\/li>\n<\/ol>\n","protected":false},"excerpt":{"rendered":"SC Braga anuncia contrata\u00e7\u00e3o de Pau Victor ao FC Barcelona&nbsp;&nbsp;zerozero.pt Pau Victor n\u00e3o tem d\u00favidas: \u00abVai ser um&hellip;\n","protected":false},"author":2,"featured_media":1548,"comment_status":"","ping_status":"","sticky":false,"template":"","format":"standard","meta":{"footnotes":""},"categories":[87],"tags":[135,526,524,13,32,33,527,525,134,523],"class_list":{"0":"post-1547","1":"post","2":"type-post","3":"status-publish","4":"format-standard","5":"has-post-thumbnail","7":"category-desporto","8":"tag-desporto","9":"tag-football","10":"tag-futebol","11":"tag-noticias","12":"tag-portugal","13":"tag-pt","14":"tag-resultados","15":"tag-soccer","16":"tag-sports","17":"tag-zerozero"},"share_on_mastodon":{"url":"","error":""},"_links":{"self":[{"href":"https:\/\/www.europesays.com\/pt\/wp-json\/wp\/v2\/posts\/1547","targetHints":{"allow":["GET"]}}],"collection":[{"href":"https:\/\/www.europesays.com\/pt\/wp-json\/wp\/v2\/posts"}],"about":[{"href":"https:\/\/www.europesays.com\/pt\/wp-json\/wp\/v2\/types\/post"}],"author":[{"embeddable":true,"href":"https:\/\/www.europesays.com\/pt\/wp-json\/wp\/v2\/users\/2"}],"replies":[{"embeddable":true,"href":"https:\/\/www.europesays.com\/pt\/wp-json\/wp\/v2\/comments?post=1547"}],"version-history":[{"count":0,"href":"https:\/\/www.europesays.com\/pt\/wp-json\/wp\/v2\/posts\/1547\/revisions"}],"wp:featuredmedia":[{"embeddable":true,"href":"https:\/\/www.europesays.com\/pt\/wp-json\/wp\/v2\/media\/1548"}],"wp:attachment":[{"href":"https:\/\/www.europesays.com\/pt\/wp-json\/wp\/v2\/media?parent=1547"}],"wp:term":[{"taxonomy":"category","embeddable":true,"href":"https:\/\/www.europesays.com\/pt\/wp-json\/wp\/v2\/categories?post=1547"},{"taxonomy":"post_tag","embeddable":true,"href":"https:\/\/www.europesays.com\/pt\/wp-json\/wp\/v2\/tags?post=1547"}],"curies":[{"name":"wp","href":"https:\/\/api.w.org\/{rel}","templated":true}]}}