{"id":154700,"date":"2025-11-17T05:51:23","date_gmt":"2025-11-17T05:51:23","guid":{"rendered":"https:\/\/www.europesays.com\/pt\/154700\/"},"modified":"2025-11-17T05:51:23","modified_gmt":"2025-11-17T05:51:23","slug":"forcava-mulher-a-prostituir-se-na-casa-da-familia","status":"publish","type":"post","link":"https:\/\/www.europesays.com\/pt\/154700\/","title":{"rendered":"For\u00e7ava mulher a prostituir-se na\u00a0casa da fam\u00edlia"},"content":{"rendered":"<p data-remotead-prev-elm=\"true\" data-remotead-elm-id=\"inread\">Foi um caso que chocou a comunidade de Vila Nova de Milfontes. Os atos praticados por Yordan Zhivkov come\u00e7aram em julho de 2023, quando o arguido passou a viver com a v\u00edtima e, a partir dessa data, a obrigou a prostituir-se. A mulher era for\u00e7ada a manter rela\u00e7\u00f5es sexuais com homens que ele arranjava, e a quem ela tinha que cobrar 50 ou 60 euros por cada ato.<\/p>\n<p>Era na casa que ambos ocupavam, em Vila Nova de Milfontes, que a mulher era obrigada a prostituir-se. Mas o arguido tamb\u00e9m a levava para uma casa de alterne, onde tinha que &#8220;trabalhar&#8221;.<\/p>\n<p><strong>Espancada<\/strong><\/p>\n<p>Em abril do ano passado, a mulher apresentou queixa no posto da GNR daquela localidade, ap\u00f3s ter sido violentamente agredida pelo arguido com socos e pontap\u00e9s por todo o corpo. O homem acabou detido dois meses depois e colocado em pris\u00e3o preventiva.<\/p>\n<p data-remotead-prev-elm=\"true\" data-remotead-elm-id=\"centro1\">Aquando da leitura do ac\u00f3rd\u00e3o, em maio do corrente ano, o presidente do coletivo de ju\u00edzes do Tribunal de Beja relevou o facto de Zhivkov j\u00e1 ter cumprido pena de pris\u00e3o pelo crime de lenoc\u00ednio. No final do julgamento, o magistrado at\u00e9 lhe atirou &#8220;o lenoc\u00ednio \u00e9 uma \u00e1rea de neg\u00f3cio que exerce h\u00e1 muito tempo&#8221;, dizendo.lhe para aproveitar &#8220;a pris\u00e3o para repensar a vida e a dedicar-se a outro neg\u00f3cio que seja legal&#8221;.<\/p>\n<p>Inconformado com a pena de pris\u00e3o e a obriga\u00e7\u00e3o de indemnizar a v\u00edtima em 5 mil euros, Yordan Zhivkov recorreu diretamente para Supremo Tribunal de Justi\u00e7a, que, recentemente, confirmou, na \u00edntegra, a senten\u00e7a aplicada pela primeira inst\u00e2ncia.<\/p>\n","protected":false},"excerpt":{"rendered":"Foi um caso que chocou a comunidade de Vila Nova de Milfontes. Os atos praticados por Yordan Zhivkov&hellip;\n","protected":false},"author":2,"featured_media":154701,"comment_status":"","ping_status":"","sticky":false,"template":"","format":"standard","meta":{"footnotes":""},"categories":[10],"tags":[27,28,15,16,14,603,25,26,33324,21,22,12,13,19,20,32,23,24,33,19240,17,18,33326,29,30,31,33325],"class_list":{"0":"post-154700","1":"post","2":"type-post","3":"status-publish","4":"format-standard","5":"has-post-thumbnail","7":"category-portugal","8":"tag-breaking-news","9":"tag-breakingnews","10":"tag-featured-news","11":"tag-featurednews","12":"tag-headlines","13":"tag-justica","14":"tag-latest-news","15":"tag-latestnews","16":"tag-lenocinio","17":"tag-main-news","18":"tag-mainnews","19":"tag-news","20":"tag-noticias","21":"tag-noticias-principais","22":"tag-noticiasprincipais","23":"tag-portugal","24":"tag-principais-noticias","25":"tag-principaisnoticias","26":"tag-pt","27":"tag-supremo-tribunal-de-justica","28":"tag-top-stories","29":"tag-topstories","30":"tag-tribunal-de-beja","31":"tag-ultimas","32":"tag-ultimas-noticias","33":"tag-ultimasnoticias","34":"tag-vila-nova-de-milfontes"},"share_on_mastodon":{"url":"https:\/\/pubeurope.com\/@pt\/115563481200023833","error":""},"_links":{"self":[{"href":"https:\/\/www.europesays.com\/pt\/wp-json\/wp\/v2\/posts\/154700","targetHints":{"allow":["GET"]}}],"collection":[{"href":"https:\/\/www.europesays.com\/pt\/wp-json\/wp\/v2\/posts"}],"about":[{"href":"https:\/\/www.europesays.com\/pt\/wp-json\/wp\/v2\/types\/post"}],"author":[{"embeddable":true,"href":"https:\/\/www.europesays.com\/pt\/wp-json\/wp\/v2\/users\/2"}],"replies":[{"embeddable":true,"href":"https:\/\/www.europesays.com\/pt\/wp-json\/wp\/v2\/comments?post=154700"}],"version-history":[{"count":0,"href":"https:\/\/www.europesays.com\/pt\/wp-json\/wp\/v2\/posts\/154700\/revisions"}],"wp:featuredmedia":[{"embeddable":true,"href":"https:\/\/www.europesays.com\/pt\/wp-json\/wp\/v2\/media\/154701"}],"wp:attachment":[{"href":"https:\/\/www.europesays.com\/pt\/wp-json\/wp\/v2\/media?parent=154700"}],"wp:term":[{"taxonomy":"category","embeddable":true,"href":"https:\/\/www.europesays.com\/pt\/wp-json\/wp\/v2\/categories?post=154700"},{"taxonomy":"post_tag","embeddable":true,"href":"https:\/\/www.europesays.com\/pt\/wp-json\/wp\/v2\/tags?post=154700"}],"curies":[{"name":"wp","href":"https:\/\/api.w.org\/{rel}","templated":true}]}}