{"id":15471,"date":"2025-08-04T12:11:08","date_gmt":"2025-08-04T12:11:08","guid":{"rendered":"https:\/\/www.europesays.com\/pt\/15471\/"},"modified":"2025-08-04T12:11:08","modified_gmt":"2025-08-04T12:11:08","slug":"concordienses-no-16o-encontro-da-imprensa-catarinense-em-chapeco-confira-radio-rural","status":"publish","type":"post","link":"https:\/\/www.europesays.com\/pt\/15471\/","title":{"rendered":"Concordienses no 16\u00ba Encontro da Imprensa Catarinense em Chapec\u00f3. Confira! &#8211; R\u00e1dio Rural"},"content":{"rendered":"<ol>\n<li><a href=\"https:\/\/news.google.com\/rss\/articles\/CBMivgFBVV95cUxOdGVOMmRaaUxodHNBYUpKSU9hRDdlOHducFJ2bnlLMzE1TUZlTnZKTWRTa3U2Tkp5LTBTWC0xT1BEZkg2dTNjazRNQlZCeGItUWtiVlp6ZDd4aURtY3M4QW1VYlN4NjdxT1RPTWlsS3gzblBRbFZ5VjU4b2NpR0ZxM2txY1BFRHR1Z1ZaQ0E5aHNuYUhTVXlhWll6X1dzUG1YNnV5enp3VHZDUnRyTWxUM1Z6UmZDbW9reEdfUENR?oc=5\" target=\"_blank\" rel=\"nofollow noopener\">Concordienses no 16\u00ba Encontro da Imprensa Catarinense em Chapec\u00f3. Confira!<\/a>&nbsp;&nbsp;R\u00e1dio Rural<\/li>\n<li><a href=\"https:\/\/news.google.com\/rss\/articles\/CBMivwFBVV95cUxQUjdRYUJnb0JtVThGYWdzcVVRelRwSEJRX3lxa0l3bzZlbUlWck5Ca1RPUFZaUF9jRi11eWVGYlF0VTc5Nm5OYWlmV3FwQmZ0VkFkaEFLSF8wMVhqLTV2OWU2S3RNc25VUm1pWkVKeWtkVVA5cm5hQjlHMVh5RTJwSkI0Z1V4b05VMmlST2doVWRVd0c2RXR1YVFYcjAyemM3cGRianE2WE1GQk8td3JZX3dzWHo4M0NxbEJ3VGg0UQ?oc=5\" target=\"_blank\" rel=\"nofollow noopener\">Durante evento em Chapec\u00f3, Est\u00eanio Aldo recebe trof\u00e9u pelos 50 anos no r\u00e1dio<\/a>&nbsp;&nbsp;Peperi.com.br<\/li>\n<li><a href=\"https:\/\/news.google.com\/rss\/articles\/CBMiyAFBVV95cUxQUlJBd2txYzJjSHQ3eWFsWm4tRDlCMk1rbFJaUzV3N0dpV0w0bkI1Q1JrbUJXOHFkalQ5a1NSWEJOOVFMdGd5UC1mZ3hzWTZ6TFA4X0V5Y3VlSnFlZDRqdUVJb3RnT2Vtbl9hejRMeHVEeDVBUDZiTXBvUm1TcmotVUdoaUlPcUFkMmItelk1Qm1LT0NOYVZ4a0hvdzhETXU2bXE1OXl5bUR2S3dVelNsbl9xaS10NEkyT1NYZkhWcUFzVW1JVThSZA?oc=5\" target=\"_blank\" rel=\"nofollow noopener\">Encontro da Imprensa Catarinense re\u00fane mais de 500 comunicadores em Chapec\u00f3<\/a>&nbsp;&nbsp;DI Regional<\/li>\n<li><a href=\"https:\/\/news.google.com\/rss\/articles\/CBMirwFBVV95cUxQbUJseEI5cGJLMkhrbUpxSFVXR25qejNlZ2NDdFRyaDE4TU9wRFUwbVlNamptM0h0bTFTaENCVHpObFlUei1yY3pRQ3JwNENJYjR0aWhndExJMDcyZXBBSUh4U1MyRGhpYzI5WlZvSmQ3QzcySXhZb1RFQUk3VmplbkduTmxCcDd2MlhTc29UT0VOVEgzS2ZEM1pQQ2VLT1BERmRfaTZ5dnlMeWwtVUVr0gG0AUFVX3lxTFBYczBpbWZtd2lVbHJQVGFtX2poRVptSEp1eVR0S0VmTjV0dEMzQlRSR0VzSUdRanVaUmRDVVdHdXRGLWhSM3N2MmM4MXdxT3VrUUIyVVRjd2lWOFNMQVVvbC1yOTVUdkRUWmRqTElsSXB5dUJOOTY1U0t1YXRyUTNwRXNCbGI1QlRhcVlub0Zua3FUWVAzRlhheDBoc1dHOFpEZlBwbTljbzluLXdma1VCR0R5bQ?oc=5\" target=\"_blank\" rel=\"nofollow noopener\">Encontro da Imprensa de SC: Por que Chapec\u00f3?<\/a>&nbsp;&nbsp;Jornal Metas<\/li>\n<li><a href=\"https:\/\/news.google.com\/rss\/articles\/CBMi0gFBVV95cUxQTElVdVRDeEhFUVpBdnZILV94SnJ5Q1V2R1BzS2ZNRk40NGMtVHk0dW9ZMm1sM25SaUtwWVNnbW9sX2ZGZHc1VW9McjZjaW5idldyN01WcTI2bnVWNnVCU19XZFhUV1NPdW8yMm1tbTFBelA4bDk1ZFo0d0RVVE50cU9qTWsyMVRER0tqNVB4d0ZTWURleGdwM21MYjNwZnBPOW5lcVBJajY5UXBDb3ZFc3ZreFVRTHZiRkNxS19wUXZ3M0s4LXlJdXNPWkdvYjBaemfSAdcBQVVfeXFMTzMtQ1h5cUpuclZfSGdmdlFaMjl1eG9iTmxoRzZzMFRZVUpYekdsS3ROdHNMSllOUU5XRzhXZ251SGZOQXhrVEtFV3BuLVlkNm9rQm5ydUNqYmRHaUlnMzlNcHRmT3QwVk56TU9qMlMtRnFodFhFcEtGS3hCMUh0Q3FQZTUxQ3lsYjFLdDMtYzdpRFg2OXpuc211dVdYaW9VOFp1bG9OUnhRNS1ZR3Zhems1MUdSQVhfUVFveUV0UnZMeUVRY0ZYZ1ZIMHl5WVZCNVoyaU90UDA?oc=5\" target=\"_blank\" rel=\"nofollow noopener\">Chapec\u00f3 recebe 16\u00ba Encontro da Imprensa Catarinense: Chapec\u00f3 neste fim de semana<\/a>&nbsp;&nbsp;Jornal Metas<\/li>\n<\/ol>\n","protected":false},"excerpt":{"rendered":"Concordienses no 16\u00ba Encontro da Imprensa Catarinense em Chapec\u00f3. Confira!&nbsp;&nbsp;R\u00e1dio Rural Durante evento em Chapec\u00f3, Est\u00eanio Aldo recebe&hellip;\n","protected":false},"author":2,"featured_media":15472,"comment_status":"","ping_status":"","sticky":false,"template":"","format":"standard","meta":{"footnotes":""},"categories":[141],"tags":[562,726,2733,2731,476,539,2258,114,115,1062,986,2732,149,150,1086,52,32,33,3551,117],"class_list":{"0":"post-15471","1":"post","2":"type-post","3":"status-publish","4":"format-standard","5":"has-post-thumbnail","7":"category-musica","8":"tag-agricultura","9":"tag-brasil","10":"tag-carnaval","11":"tag-dicas-do-dia","12":"tag-economia","13":"tag-educacao","14":"tag-eleicoes","15":"tag-entertainment","16":"tag-entretenimento","17":"tag-esportes","18":"tag-estado","19":"tag-geral","20":"tag-music","21":"tag-musica","22":"tag-policia","23":"tag-politica","24":"tag-portugal","25":"tag-pt","26":"tag-regiao","27":"tag-saude"},"share_on_mastodon":{"url":"","error":""},"_links":{"self":[{"href":"https:\/\/www.europesays.com\/pt\/wp-json\/wp\/v2\/posts\/15471","targetHints":{"allow":["GET"]}}],"collection":[{"href":"https:\/\/www.europesays.com\/pt\/wp-json\/wp\/v2\/posts"}],"about":[{"href":"https:\/\/www.europesays.com\/pt\/wp-json\/wp\/v2\/types\/post"}],"author":[{"embeddable":true,"href":"https:\/\/www.europesays.com\/pt\/wp-json\/wp\/v2\/users\/2"}],"replies":[{"embeddable":true,"href":"https:\/\/www.europesays.com\/pt\/wp-json\/wp\/v2\/comments?post=15471"}],"version-history":[{"count":0,"href":"https:\/\/www.europesays.com\/pt\/wp-json\/wp\/v2\/posts\/15471\/revisions"}],"wp:featuredmedia":[{"embeddable":true,"href":"https:\/\/www.europesays.com\/pt\/wp-json\/wp\/v2\/media\/15472"}],"wp:attachment":[{"href":"https:\/\/www.europesays.com\/pt\/wp-json\/wp\/v2\/media?parent=15471"}],"wp:term":[{"taxonomy":"category","embeddable":true,"href":"https:\/\/www.europesays.com\/pt\/wp-json\/wp\/v2\/categories?post=15471"},{"taxonomy":"post_tag","embeddable":true,"href":"https:\/\/www.europesays.com\/pt\/wp-json\/wp\/v2\/tags?post=15471"}],"curies":[{"name":"wp","href":"https:\/\/api.w.org\/{rel}","templated":true}]}}