{"id":154710,"date":"2025-11-17T06:07:09","date_gmt":"2025-11-17T06:07:09","guid":{"rendered":"https:\/\/www.europesays.com\/pt\/154710\/"},"modified":"2025-11-17T06:07:09","modified_gmt":"2025-11-17T06:07:09","slug":"atriz-reclama-de-ser-excluida-de-repercussao-da-serie","status":"publish","type":"post","link":"https:\/\/www.europesays.com\/pt\/154710\/","title":{"rendered":"atriz reclama de ser &#8216;exclu\u00edda&#8217; de repercuss\u00e3o da s\u00e9rie"},"content":{"rendered":"<p>\n                        &#8216;Meu nome \u00e9 totalmente ignorado&#8217;, disse Let\u00edcia Rodrigues, que interpretou a personagem Sandr\u00e3o na produ\u00e7\u00e3o sobre o &#8216;pres\u00eddio dos famosos&#8217; dispon\u00edvel no Prime V\u00eddeo\n                    <\/p>\n<p class=\"text\">\n<p class=\"text\"><b>Let\u00edcia Rodrigues<\/b>, atriz que deu vida \u00e0 personagem <b>Sandr\u00e3o <\/b>em<b> Trememb\u00e9 <\/b>usou seu perfil no X neste s\u00e1bado, 16, para publicar um desabafo sobre a repercuss\u00e3o da produ\u00e7\u00e3o: &#8220;Eu acho t\u00e3o importante todos os debates em torno da nossa s\u00e9rie. Mas ser absolutamente exclu\u00edda e meu nome totalmente ignorado \u00e9 frustrante.&#8221;<\/p>\n<p><img loading=\"lazy\" decoding=\"async\" alt=\"A atriz Let\u00edcia Rodrigues caracterizada como Sandr\u00e3o na s\u00e9rie 'Trememb\u00e9'\" class=\"img-a78ea4d835d92f9339ba92d6a4f7898798z7mtz0\" height=\"435\" src=\"https:\/\/www.europesays.com\/pt\/wp-content\/uploads\/2025\/11\/1042067655-3gmnzshsjvetrazar7yeujh5qu.png\"  title=\"A atriz Let\u00edcia Rodrigues caracterizada como Sandr\u00e3o na s\u00e9rie 'Trememb\u00e9'\" width=\"774\"\/><\/p>\n<p>A atriz Let\u00edcia Rodrigues caracterizada como Sandr\u00e3o na s\u00e9rie &#8216;Trememb\u00e9&#8217;<\/p>\n<p>Foto: Reprodu\u00e7\u00e3o de &#8216;Trememb\u00e9&#8217; (2025)\/Prime V\u00eddeo| @famosatriz via Instagram \/ Estad\u00e3o<\/p>\n<p class=\"text\">&#8220;N\u00e3o s\u00f3 nesse v\u00eddeo, s\u00e3o dezenas de ve\u00edculos. Faz parte, mas sendo artista independente na luta h\u00e1 17 anos, tem dias que doi um pouco&#8221;, continuou a atriz, sem, por\u00e9m, especificar a quais materiais se refere.<\/p>\n<p class=\"text\">Let\u00edcia fez a postagem como resposta a um v\u00eddeo da influenciadora Lorelay Fox, em que constam na miniatura as imagens de Marina Ruy Barbosa (Suzane Von Richtofen na s\u00e9rie), Carol Garcia (Elize Matsunaga) e Kelner Mac\u00eado (Christian Cravinhos).<\/p>\n<p class=\"text\">No material, Fox diz que Trememb\u00e9 conta com uma &#8220;interpreta\u00e7\u00e3o \u00f3tima&#8221; da personagem Sandr\u00e3o, mas confunde o nome da atriz com &#8220;Regina Ruiz&#8221;, nomes do meio de Sandr\u00e3o na vida real.<\/p>\n<p class=\"text\">Let\u00edcia Rodrigues j\u00e1 havia reclamado sobre as cr\u00edticas que recebeu por conta de sua atua\u00e7\u00e3o anteriormente. &#8220;Ningu\u00e9m est\u00e1 satisfeito. Ou eu sou muito magra para a personagem, ou minha voz n\u00e3o combina, ou sou caricata&#8221;, escreveu. Posteriormente, deletou a postagem.<\/p>\n","protected":false},"excerpt":{"rendered":"&#8216;Meu nome \u00e9 totalmente ignorado&#8217;, disse Let\u00edcia Rodrigues, que interpretou a personagem Sandr\u00e3o na produ\u00e7\u00e3o sobre o &#8216;pres\u00eddio&hellip;\n","protected":false},"author":2,"featured_media":154711,"comment_status":"","ping_status":"","sticky":false,"template":"","format":"standard","meta":{"footnotes":""},"categories":[145],"tags":[211,210,114,115,31101,32,33,33327],"class_list":{"0":"post-154710","1":"post","2":"type-post","3":"status-publish","4":"format-standard","5":"has-post-thumbnail","7":"category-celebridades","8":"tag-celebridades","9":"tag-celebrities","10":"tag-entertainment","11":"tag-entretenimento","12":"tag-leticia-rodrigues","13":"tag-portugal","14":"tag-pt","15":"tag-tremembe-serie"},"share_on_mastodon":{"url":"https:\/\/pubeurope.com\/@pt\/115563544346640126","error":""},"_links":{"self":[{"href":"https:\/\/www.europesays.com\/pt\/wp-json\/wp\/v2\/posts\/154710","targetHints":{"allow":["GET"]}}],"collection":[{"href":"https:\/\/www.europesays.com\/pt\/wp-json\/wp\/v2\/posts"}],"about":[{"href":"https:\/\/www.europesays.com\/pt\/wp-json\/wp\/v2\/types\/post"}],"author":[{"embeddable":true,"href":"https:\/\/www.europesays.com\/pt\/wp-json\/wp\/v2\/users\/2"}],"replies":[{"embeddable":true,"href":"https:\/\/www.europesays.com\/pt\/wp-json\/wp\/v2\/comments?post=154710"}],"version-history":[{"count":0,"href":"https:\/\/www.europesays.com\/pt\/wp-json\/wp\/v2\/posts\/154710\/revisions"}],"wp:featuredmedia":[{"embeddable":true,"href":"https:\/\/www.europesays.com\/pt\/wp-json\/wp\/v2\/media\/154711"}],"wp:attachment":[{"href":"https:\/\/www.europesays.com\/pt\/wp-json\/wp\/v2\/media?parent=154710"}],"wp:term":[{"taxonomy":"category","embeddable":true,"href":"https:\/\/www.europesays.com\/pt\/wp-json\/wp\/v2\/categories?post=154710"},{"taxonomy":"post_tag","embeddable":true,"href":"https:\/\/www.europesays.com\/pt\/wp-json\/wp\/v2\/tags?post=154710"}],"curies":[{"name":"wp","href":"https:\/\/api.w.org\/{rel}","templated":true}]}}