{"id":154724,"date":"2025-11-17T06:51:15","date_gmt":"2025-11-17T06:51:15","guid":{"rendered":"https:\/\/www.europesays.com\/pt\/154724\/"},"modified":"2025-11-17T06:51:15","modified_gmt":"2025-11-17T06:51:15","slug":"liliana-filipa-protagoniza-momento-constrangedor-com-soraia-tavares-es-100-portuguesa","status":"publish","type":"post","link":"https:\/\/www.europesays.com\/pt\/154724\/","title":{"rendered":"Liliana Filipa &#8211; Protagoniza momento &#8216;constrangedor&#8217; com Soraia Tavares: &#8220;\u00c9s 100% portuguesa&#8221;"},"content":{"rendered":"<p><strong>Soraia Tavares<\/strong> participou no mais recente epis\u00f3dio do podcast de <strong>Liliana Filipa<\/strong>, <strong>&#8220;Porque Ela Pod&#8221;<\/strong>. Contudo, a cantora e atriz n\u00e3o ficou impressionada com uma das perguntas da influencer.<\/p>\n<p>&#8220;<strong>Tu \u00e9s 100% portuguesa, mas tens muitas ra\u00edzes cabo-verdianas. Em que medida \u00e9 que achas que isso te molda enquanto artista?<\/strong> Ou seja, tens tantas refer\u00eancias, tens refer\u00eancias daqui, tens refer\u00eancias de l\u00e1&#8230;&#8221;, disse a bailarina.<\/p>\n<p>&#8220;Pelo menos, eu sinto que s\u00f3 acrescenta. <strong>Por acaso, para mim, \u00e9 um bocado estranho pensar que sou 100% portuguesa, porque n\u00e3o acho que \u00e9 poss\u00edvel ser<\/strong>&#8220;, respondeu Soraia.\u00a0<\/p>\n<blockquote>\n<p>Leia mais: Liliana Filipa e Daniel Greg\u00f3rio &#8211; <a href=\"https:\/\/www.novagente.pt\/liliana-filipa-daniel-gregorio-afinal-moradia-nao-esta-venda-entenda-motivo-da-construcao-para\" rel=\"nofollow noopener\" target=\"_blank\">Afinal, moradia n\u00e3o est\u00e1 \u00e0 venda? Entenda o motivo da constru\u00e7\u00e3o: &#8220;\u00c9 para&#8230;&#8221;<\/a><\/p>\n<\/blockquote>\n<p><strong>&#8220;Pois, nem sequer \u00e9s 100%&#8230;&#8221;<\/strong>, interrompeu a influencer, de seguida. Vale referir que a cantora e atriz nasceu <strong>em Cabo-Verde<\/strong>, mas cresceu em Portugal, Lisboa.<\/p>\n<p>Mais tarde, Soraia Tavares partilhou o momento na sua conta de TikTok e deixou um pequeno desabafo.<\/p>\n<p><strong>&#8220;Aquilo que viram foi s\u00f3 um corte que d\u00e1 a entender o contr\u00e1rio de como me verdadeiramente me defino. Espero que o algoritmo chegue este v\u00eddeo a quem tem de chegar&#8221;<\/strong>, escreveu.<\/p>\n<p>Soraia Tavares no podcast de Liliana Filipa<\/p>\n<p>Texto: Lu\u00eds Sigorro; Fotos: Impala\/Redes sociais<\/p>\n<p class=\"intagram-text\">Siga a Nova Gente no Instagram<\/p>\n<p>                        <a href=\"https:\/\/www.instagram.com\/revistanovagente\/\" target=\"_blank\" aria-label=\"instagram\" rel=\"noopener nofollow\"><img decoding=\"async\" style=\"display: block; margin-left: auto; margin-right: auto; width: 250px; height: 83px;\" src=\"https:\/\/www.europesays.com\/pt\/wp-content\/uploads\/2025\/11\/Instagram_NG.png\" alt=\"instagram\"\/><\/a><br \/>\n                    <script async src=\"\/\/www.instagram.com\/embed.js\"><\/script><\/p>\n","protected":false},"excerpt":{"rendered":"Soraia Tavares participou no mais recente epis\u00f3dio do podcast de Liliana Filipa, &#8220;Porque Ela Pod&#8221;. Contudo, a cantora&hellip;\n","protected":false},"author":2,"featured_media":154725,"comment_status":"","ping_status":"","sticky":false,"template":"","format":"standard","meta":{"footnotes":""},"categories":[145],"tags":[211,210,9679,114,115,3436,803,32,33,2583],"class_list":{"0":"post-154724","1":"post","2":"type-post","3":"status-publish","4":"format-standard","5":"has-post-thumbnail","7":"category-celebridades","8":"tag-celebridades","9":"tag-celebrities","10":"tag-daniel-gregorio","11":"tag-entertainment","12":"tag-entretenimento","13":"tag-liliana-filipa","14":"tag-podcast","15":"tag-portugal","16":"tag-pt","17":"tag-soraia-tavares"},"share_on_mastodon":{"url":"https:\/\/pubeurope.com\/@pt\/115563717362323405","error":""},"_links":{"self":[{"href":"https:\/\/www.europesays.com\/pt\/wp-json\/wp\/v2\/posts\/154724","targetHints":{"allow":["GET"]}}],"collection":[{"href":"https:\/\/www.europesays.com\/pt\/wp-json\/wp\/v2\/posts"}],"about":[{"href":"https:\/\/www.europesays.com\/pt\/wp-json\/wp\/v2\/types\/post"}],"author":[{"embeddable":true,"href":"https:\/\/www.europesays.com\/pt\/wp-json\/wp\/v2\/users\/2"}],"replies":[{"embeddable":true,"href":"https:\/\/www.europesays.com\/pt\/wp-json\/wp\/v2\/comments?post=154724"}],"version-history":[{"count":0,"href":"https:\/\/www.europesays.com\/pt\/wp-json\/wp\/v2\/posts\/154724\/revisions"}],"wp:featuredmedia":[{"embeddable":true,"href":"https:\/\/www.europesays.com\/pt\/wp-json\/wp\/v2\/media\/154725"}],"wp:attachment":[{"href":"https:\/\/www.europesays.com\/pt\/wp-json\/wp\/v2\/media?parent=154724"}],"wp:term":[{"taxonomy":"category","embeddable":true,"href":"https:\/\/www.europesays.com\/pt\/wp-json\/wp\/v2\/categories?post=154724"},{"taxonomy":"post_tag","embeddable":true,"href":"https:\/\/www.europesays.com\/pt\/wp-json\/wp\/v2\/tags?post=154724"}],"curies":[{"name":"wp","href":"https:\/\/api.w.org\/{rel}","templated":true}]}}