{"id":15473,"date":"2025-08-04T12:13:08","date_gmt":"2025-08-04T12:13:08","guid":{"rendered":"https:\/\/www.europesays.com\/pt\/15473\/"},"modified":"2025-08-04T12:13:08","modified_gmt":"2025-08-04T12:13:08","slug":"playoff-da-liga-europa-definido-sc-braga-ja-conhece-possiveis-adversarios-zerozero-pt","status":"publish","type":"post","link":"https:\/\/www.europesays.com\/pt\/15473\/","title":{"rendered":"Playoff da Liga Europa definido: SC Braga j\u00e1 conhece poss\u00edveis advers\u00e1rios &#8211; zerozero.pt"},"content":{"rendered":"<ol>\n<li><a href=\"https:\/\/news.google.com\/rss\/articles\/CBMiugFBVV95cUxPREZ4N3VzQWphLTRQNXlJUm1DNTdkZVpiQ3d2UjMxRXRqWmd2SUZBUDNjaXhWNTgxV2xPSWd1Um1DZFpPRFBJbWlOMzQxTjNUWks5eWZWYUExOXV3c3QtdDVPM20xalhLWlhjRmlYZkNzSHR4Y1BmZTdPNUNfYnE2TWpzcU1QY25PU3IxVkNDUGwtMXRrYV9xX3ZwaEEyNGNYMUlmdlV2SWZubkdua1lvd19Ra0Y0Tm9jSEE?oc=5\" target=\"_blank\" rel=\"nofollow noopener\">Playoff da Liga Europa definido: SC Braga j\u00e1 conhece poss\u00edveis advers\u00e1rios<\/a>&nbsp;&nbsp;zerozero.pt<\/li>\n<li><a href=\"https:\/\/news.google.com\/rss\/articles\/CBMiywFBVV95cUxQZ3JQaWNlaHRhMFhwamZxRnF4MTU0VjlEZG5UMHB0MThVNlBqTHZyZ1pQTS0ycFphZENMangxbkthZ2FndU9ERnhsbjZzWEMwY1RtRVlhSFNnWHQwdF9Zdk1ZVmh0VXQ3RG1mRXFBSFA3UDB1NWh6VXA4UFhPZU9YS21nd1gyQ3p2RGhRekp2QnN6em41cHl4cWJUb2hYb2dMeGhVYWJwMzRSbEVhZ3J5OEtmT0ExV0ZxTjYzemRjaUdaQjRfSEFxc1Vzcw?oc=5\" target=\"_blank\" rel=\"nofollow noopener\">Elchin Masiyev vai arbitrar o Sporting de Braga e Adam Ladeb\u00e4ck o Santa Clara<\/a>&nbsp;&nbsp;RTP<\/li>\n<li><a href=\"https:\/\/news.google.com\/rss\/articles\/CBMizwFBVV95cUxOOTBxVUZZM3VfNEZjLTRtQ0trNUJ2cGxJSDJCZENxRS11N2dXZmhER0dkYUtVZWFDZFZmVHE1M0RXTjd1aGNDd2pGZjRYck5xOXN2SHhSSWNlZDZlRWdKYTBud3hxSFN4Z1o3d2lmZnpzVFBUY280dm41QVFGR3ZTQ3BFQ016NTlab3kwUE1aUjVtSVJxSkpUaXJWUUxRVlpNX0NqUWxPanpHRHgyMHRFSldBWUo1QTJKaFZENnY0RDR3dW9HZFpZazB0T2VWV0U?oc=5\" target=\"_blank\" rel=\"nofollow noopener\">Liga Europa: SC Braga defronta clube de Gibraltar ou da Arm\u00e9nia se chegar ao play-off<\/a>&nbsp;&nbsp;A Bola<\/li>\n<li><a href=\"https:\/\/news.google.com\/rss\/articles\/CBMirAFBVV95cUxOYko2RFRULUVsQzJyVElHYmEtQnNSRkxYUkJRUnY4bFloVTBXYnVVSnkyekhMLURISjNHaHlmQjI3ci0tT0hQMWh1cjE3OHdSZk9xUnpKTjV5bmo4NFNpTzBIc0ZBZmxIODVjLUVQOUVlSy1NU241VTd0aXdWTWlQZGNadXJkVWY2T1lMR3VHam92bnljbWpFdHp5MTdreWdwRWx6RzJjZVBEVWFY?oc=5\" target=\"_blank\" rel=\"nofollow noopener\">Eis o sorteio completo dos playoffs da Europa League<\/a>&nbsp;&nbsp;Bola na Rede<\/li>\n<li><a href=\"https:\/\/news.google.com\/rss\/articles\/CBMiuAFBVV95cUxOaWEtUnpnSnBoazQ4TWJWWS1aNEN3TER6TFMzaGpCQjVfUklLVFNYazVKX0tKSURsWVlCUFZVb0tsQ2lpWDEyejctWVJ1bXhGcDJqX0NyWE1ENy0yWVE1TlM5ajNseGZsVGdFeEwyRGNJeElUa0ZycjNqUE85anJyOVZIQ3JTTHRXSjBRd05MR2dsNFJTUDlteEN4ZzNaQmpOZUUyWlZSSm54QTBiaXYzODdid19NSUdX?oc=5\" target=\"_blank\" rel=\"nofollow noopener\">EM DIRETO: Sp. Braga conhece poss\u00edvel rival no playoff da Liga Europa<\/a>&nbsp;&nbsp;Not\u00edcias ao Minuto<\/li>\n<\/ol>\n","protected":false},"excerpt":{"rendered":"Playoff da Liga Europa definido: SC Braga j\u00e1 conhece poss\u00edveis advers\u00e1rios&nbsp;&nbsp;zerozero.pt Elchin Masiyev vai arbitrar o Sporting de&hellip;\n","protected":false},"author":2,"featured_media":15474,"comment_status":"","ping_status":"","sticky":false,"template":"","format":"standard","meta":{"footnotes":""},"categories":[87],"tags":[135,526,524,13,32,33,527,525,134,523],"class_list":{"0":"post-15473","1":"post","2":"type-post","3":"status-publish","4":"format-standard","5":"has-post-thumbnail","7":"category-desporto","8":"tag-desporto","9":"tag-football","10":"tag-futebol","11":"tag-noticias","12":"tag-portugal","13":"tag-pt","14":"tag-resultados","15":"tag-soccer","16":"tag-sports","17":"tag-zerozero"},"share_on_mastodon":{"url":"","error":""},"_links":{"self":[{"href":"https:\/\/www.europesays.com\/pt\/wp-json\/wp\/v2\/posts\/15473","targetHints":{"allow":["GET"]}}],"collection":[{"href":"https:\/\/www.europesays.com\/pt\/wp-json\/wp\/v2\/posts"}],"about":[{"href":"https:\/\/www.europesays.com\/pt\/wp-json\/wp\/v2\/types\/post"}],"author":[{"embeddable":true,"href":"https:\/\/www.europesays.com\/pt\/wp-json\/wp\/v2\/users\/2"}],"replies":[{"embeddable":true,"href":"https:\/\/www.europesays.com\/pt\/wp-json\/wp\/v2\/comments?post=15473"}],"version-history":[{"count":0,"href":"https:\/\/www.europesays.com\/pt\/wp-json\/wp\/v2\/posts\/15473\/revisions"}],"wp:featuredmedia":[{"embeddable":true,"href":"https:\/\/www.europesays.com\/pt\/wp-json\/wp\/v2\/media\/15474"}],"wp:attachment":[{"href":"https:\/\/www.europesays.com\/pt\/wp-json\/wp\/v2\/media?parent=15473"}],"wp:term":[{"taxonomy":"category","embeddable":true,"href":"https:\/\/www.europesays.com\/pt\/wp-json\/wp\/v2\/categories?post=15473"},{"taxonomy":"post_tag","embeddable":true,"href":"https:\/\/www.europesays.com\/pt\/wp-json\/wp\/v2\/tags?post=15473"}],"curies":[{"name":"wp","href":"https:\/\/api.w.org\/{rel}","templated":true}]}}