{"id":154732,"date":"2025-11-17T07:03:23","date_gmt":"2025-11-17T07:03:23","guid":{"rendered":"https:\/\/www.europesays.com\/pt\/154732\/"},"modified":"2025-11-17T07:03:23","modified_gmt":"2025-11-17T07:03:23","slug":"narcotraficante-ligado-ao-pcc-detido-pela-pj-observador","status":"publish","type":"post","link":"https:\/\/www.europesays.com\/pt\/154732\/","title":{"rendered":"Narcotraficante ligado ao PCC detido pela PJ \u2013 Observador"},"content":{"rendered":"<p>Foi detido em Cascais o traficante internacional Ygor Daniel Zago, tamb\u00e9m conhecido como Hulk. Com liga\u00e7\u00f5es ao grupo criminoso Primeiro Comando da Capital (PCC), foi detetado pela Pol\u00edcia Judici\u00e1ria (PJ) ap\u00f3s a emiss\u00e3o de um mandado de deten\u00e7\u00e3o internacional por suspeitas dos crimes de associa\u00e7\u00e3o criminosa, corrup\u00e7\u00e3o e branqueamento de capitais.<\/p>\n<p>Segundo o <a href=\"https:\/\/www.cmjornal.pt\/portugal\/detalhe\/cabecilha-do-pcc-preso-pela-policia-judiciaria-no-luxo-de-cascais\" rel=\"nofollow noopener\" target=\"_blank\">Correio da Manh\u00e3<\/a>, Hulk, de 44 anos, e a mulher, de 40, foram apanhados num condom\u00ednio de luxo.<\/p>\n<p>Ygor Daniel Zago j\u00e1 tinha sido detido em 2021 no Brasil, durante uma opera\u00e7\u00e3o contra o narcotr\u00e1fico em S\u00e3o Paulo. Na altura, tamb\u00e9m a mulher foi detida e foram apreendidos um Ferrari vermelho , um helic\u00f3ptero, duas lanchas e duas motas de \u00e1gua, bem como um iate, detalhou a imprensa brasileira. A opera\u00e7\u00e3o estava relacionada com a investiga\u00e7\u00e3o a membros da fam\u00edlia de Marcola, o l\u00edder do PCC. Foram ainda encontradas armas e muni\u00e7\u00f5es.<\/p>\n<blockquote class=\"wp-embedded-content\" data-secret=\"RekJjejXmI\">\n<p><a href=\"https:\/\/observador.pt\/2025\/09\/16\/grupo-criminoso-pcc-tem-estabelecimentos-comerciais-imoveis-e-tera-investimentos-em-futebol-em-portugal\/\" rel=\"nofollow noopener\" target=\"_blank\">Grupo criminoso PCC tem estabelecimentos comerciais, im\u00f3veis e ter\u00e1 investimentos em futebol em Portugal<\/a><\/p>\n<\/blockquote>\n<p>Apesar de ter sido condenado em 2014 a uma pena de 29 anos por tr\u00e1fico de droga, Hulk aguardava uma decis\u00e3o judicial em liberdade. Foi a\u00ed que, segundo o <a href=\"https:\/\/www.jn.pt\/justica\/artigo\/pj-prende-um-dos-maiores-traficantes-do-brasil-em-lisboa\/18020262\" rel=\"nofollow noopener\" target=\"_blank\">Jornal de Not\u00edcias<\/a>, enveredou por outra atividade criminosa em 2023: envolveu-se \u201cno com\u00e9rcio de combust\u00edvel adulterado com metanol, corrup\u00e7\u00e3o de funcion\u00e1rios p\u00fablicos e oculta\u00e7\u00e3o de bens e fundos derivados dessas atividades il\u00edcitas\u201d, detalha a Pol\u00edcia Judici\u00e1ria em comunicado.<\/p>\n<p>\u201cA organiza\u00e7\u00e3o criminosa operava de forma organizada e estruturada, com uma clara divis\u00e3o de fun\u00e7\u00f5es, sendo que \u00e0 frente da organiza\u00e7\u00e3o estava um dos elementos agora detido, respons\u00e1vel por tomar decis\u00f5es relativas a todas as atividades da organiza\u00e7\u00e3o, emitir ordens aos subordinados e gerir os recursos financeiros do grupo criminoso\u201d, indica a PJ.<\/p>\n<blockquote class=\"wp-embedded-content\" data-secret=\"U7f4KNFoTt\">\n<p><a href=\"https:\/\/observador.pt\/2025\/06\/28\/pcc-tem-cabecilha-e-87-membros-em-portugal-expressao-do-maior-gang-da-america-do-sul-deveria-preocupar-portugueses\/\" rel=\"nofollow noopener\" target=\"_blank\">PCC tem cabecilha e 87 membros em Portugal. Express\u00e3o do maior gang da Am\u00e9rica do Sul \u201cdeveria preocupar portugueses\u201d<\/a><\/p>\n<\/blockquote>\n<p>Segundo o Jornal de Not\u00edcias, Hulk decidiu esconder-se em Portugal, aonde chegou em maio. Quatro meses depois, em setembro, juntou-se-lhe a mulher, mas a Pol\u00edcia Judici\u00e1ria detetou o casal. Na conta banc\u00e1ria da mulher, \u201cforam detetados fundos il\u00edcitos da organiza\u00e7\u00e3o criminosa, auxiliando assim na oculta\u00e7\u00e3o de bens e valores\u201d.<\/p>\n<p>\u201cAl\u00e9m disso, foi apurada a titularidade de v\u00e1rios ve\u00edculos de luxo, utilizados por outros membros da organiza\u00e7\u00e3o. Por estes factos, [os dois detidos] poder\u00e3o vir a ser condenadas numa pena de 12 anos de pris\u00e3o\u201d, aponta a PJ. Agora, os dois ir\u00e3o ser presentes ao Tribunal da Rela\u00e7\u00e3o de Lisboa, que dever\u00e1 decidir sobre uma poss\u00edvel extradi\u00e7\u00e3o.<\/p>\n","protected":false},"excerpt":{"rendered":"Foi detido em Cascais o traficante internacional Ygor Daniel Zago, tamb\u00e9m conhecido como Hulk. Com liga\u00e7\u00f5es ao grupo&hellip;\n","protected":false},"author":2,"featured_media":154733,"comment_status":"","ping_status":"","sticky":false,"template":"","format":"standard","meta":{"footnotes":""},"categories":[10],"tags":[27,28,604,152,15,16,14,300,25,26,21,22,12,13,19,20,3918,32,23,24,33,2004,58,17,18,29,30,31],"class_list":{"0":"post-154732","1":"post","2":"type-post","3":"status-publish","4":"format-standard","5":"has-post-thumbnail","7":"category-portugal","8":"tag-breaking-news","9":"tag-breakingnews","10":"tag-crime","11":"tag-drogas","12":"tag-featured-news","13":"tag-featurednews","14":"tag-headlines","15":"tag-justiu00e7a","16":"tag-latest-news","17":"tag-latestnews","18":"tag-main-news","19":"tag-mainnews","20":"tag-news","21":"tag-noticias","22":"tag-noticias-principais","23":"tag-noticiasprincipais","24":"tag-polu00edcia-judiciu00e1ria","25":"tag-portugal","26":"tag-principais-noticias","27":"tag-principaisnoticias","28":"tag-pt","29":"tag-seguranu00e7a","30":"tag-sociedade","31":"tag-top-stories","32":"tag-topstories","33":"tag-ultimas","34":"tag-ultimas-noticias","35":"tag-ultimasnoticias"},"share_on_mastodon":{"url":"https:\/\/pubeurope.com\/@pt\/115563764476407400","error":""},"_links":{"self":[{"href":"https:\/\/www.europesays.com\/pt\/wp-json\/wp\/v2\/posts\/154732","targetHints":{"allow":["GET"]}}],"collection":[{"href":"https:\/\/www.europesays.com\/pt\/wp-json\/wp\/v2\/posts"}],"about":[{"href":"https:\/\/www.europesays.com\/pt\/wp-json\/wp\/v2\/types\/post"}],"author":[{"embeddable":true,"href":"https:\/\/www.europesays.com\/pt\/wp-json\/wp\/v2\/users\/2"}],"replies":[{"embeddable":true,"href":"https:\/\/www.europesays.com\/pt\/wp-json\/wp\/v2\/comments?post=154732"}],"version-history":[{"count":0,"href":"https:\/\/www.europesays.com\/pt\/wp-json\/wp\/v2\/posts\/154732\/revisions"}],"wp:featuredmedia":[{"embeddable":true,"href":"https:\/\/www.europesays.com\/pt\/wp-json\/wp\/v2\/media\/154733"}],"wp:attachment":[{"href":"https:\/\/www.europesays.com\/pt\/wp-json\/wp\/v2\/media?parent=154732"}],"wp:term":[{"taxonomy":"category","embeddable":true,"href":"https:\/\/www.europesays.com\/pt\/wp-json\/wp\/v2\/categories?post=154732"},{"taxonomy":"post_tag","embeddable":true,"href":"https:\/\/www.europesays.com\/pt\/wp-json\/wp\/v2\/tags?post=154732"}],"curies":[{"name":"wp","href":"https:\/\/api.w.org\/{rel}","templated":true}]}}