{"id":154734,"date":"2025-11-17T07:04:06","date_gmt":"2025-11-17T07:04:06","guid":{"rendered":"https:\/\/www.europesays.com\/pt\/154734\/"},"modified":"2025-11-17T07:04:06","modified_gmt":"2025-11-17T07:04:06","slug":"rd-congo-vai-ao-playoff-e-nigeria-falha-mundial-2026-zerozero-pt","status":"publish","type":"post","link":"https:\/\/www.europesays.com\/pt\/154734\/","title":{"rendered":"RD Congo vai ao playoff e Nig\u00e9ria falha Mundial 2026 &#8211; zerozero.pt"},"content":{"rendered":"<ol>\n<li><a href=\"https:\/\/news.google.com\/rss\/articles\/CBMiqAFBVV95cUxPQmZoYlJBM09VbGpwbUhrTENwMmJJbm9yMVFFaWxZUjZ3WkFLRVpqUFFLMzR4OW5DQ1drV2Nkd0dQTjR5cVdIb0JwWmRRSFNVSVBLODhQQnVUQ2x0bFFabjdZREc3UnM5Q1ZZZWVncGtQclpVWkEyRlJzcC1IYXd5NUhiQzhLVnVRSzFlb2d5c3JyaGhLRWJkS196aUFkeV9BdlIxZFNRYjg?oc=5\" target=\"_blank\" rel=\"nofollow noopener\">RD Congo vai ao playoff e Nig\u00e9ria falha Mundial 2026<\/a>&nbsp;&nbsp;zerozero.pt<\/li>\n<li><a href=\"https:\/\/news.google.com\/rss\/articles\/CBMihAJBVV95cUxNUFdrcWNaOTBDWVA4SVljUDZ6QjNsVnJFcEJLNlU2V1Nsd3lEeFQ5UmFKMzhUSG85UGRLUnhkY25CelhFdncxV0lHWVFtZi10ODZ4TlF5dzhxUXZFT3FocTc1QU1HSVJIVE5uQzhXdXJUUnJ2Y3NKcTk1X1RGNVZOYW5ZWl9mWGF1YXN0eHZUZEozaG9VY1FpM1ZTbHEzN0RDVnVxWm81UnE1QWpwQ3lJVjFOcWRwNUU4ZkNQWm9rMk9EUTVkaEtKeGx6QnV0Si1vdjU0a0JIMXNDLVpGbTU4aWxIYlJaY2h4eXFvajVMcXlvSkxybEw0NGlaSlBWZ0JXaWJCdNIBkwJBVV95cUxQaWtjWmZHZTJtZmFrUlRZbUlLUlJhNjYxNUFCRWlocGlXb1N6NWJld3JmNXpyd1NZUWdhalRUZ2VjZjN6Vk9iTUhuYzhJOFVDR0VTblpYRVhkcHh3WTFBS21PYk5kZUhjNjBzMTk2NnB6QTNZeGlCUC1IRjBwQXJvMnJ0V1lXYXRVZlFOenFqRVAyQnNieDJRQ1VXdDN4aXlFYk9CT0tGMWNhdERQWTF1UnI4OXhHeDZyY205WWhmc1ZZME9VdlNFRXp5bE9PeUNuM29MMy03cUxoVFVhRWVjRTRGRXVhdUpnRHBZZGpWNmpWTkpxbU5STW81MWFiWndCWGJ3ZmxfVDdvQkZLZHdpckRrMA?oc=5\" target=\"_blank\" rel=\"nofollow noopener\">Rep\u00fablica Democr\u00e1tica do Congo bate Nig\u00e9ria e ser\u00e1 o representante da \u00c1frica na repescagem mundial<\/a>&nbsp;&nbsp;GE<\/li>\n<li><a href=\"https:\/\/news.google.com\/rss\/articles\/CBMitAFBVV95cUxOZHNnbGJYN2QwZWNqMjhfT0txQmVNOHJmNEhrRTBVNlBvd2gzNzhjeW5HWHlJNTBzM0dQWnhMbl82NlZhdXM1UTJYVHJqd19NTkR3R29BaUdUUC0tVTJFMFBTQWg1dl9tSUt4N1l6WXUzQ1dQV1VqSEllYTlqN3dJRUtOemROeFJ1eF9jaDdHOF9haTFBdkJaUVF2dTc2YXI4OWd1cFdQNTllV0xGWW90S3RiYmo?oc=5\" target=\"_blank\" rel=\"nofollow noopener\">Nig\u00e9ria e Congo se enfrentam por vaga na repescagem para a Copa do Mundo de 2026<\/a>&nbsp;&nbsp;ESPN Brasil<\/li>\n<li><a href=\"https:\/\/news.google.com\/rss\/articles\/CBMi2wFBVV95cUxPSkpZUjlHSkJiUjNFTjJab1RQVTJfVktjbUVHNUVCSjVjdHdfRHVOelAxblE2ZElmNk84dklCN2paazZ5NDRTSkNwbnY0c0VtQjhUT1pjR24tTWhvQlNkd1A0alNSTjVRQXB5dWdBWGJETkgzaEMwNzA5Tm1DUWY5alA2b09sazI2UXA5WS1qd2stN1k0SURhZk5Od0l5U1AwUzBNanRCZGcwaTVFT1kxSlo0c28xYVdPdDUtYU1oYjVMSERrOW4tenA1Rmp2R0R4Ymd3YzNqS3J4TFU?oc=5\" target=\"_blank\" rel=\"nofollow noopener\">RD Congo vence Nig\u00e9ria nos p\u00eanaltis e segue na luta por vaga na Copa<\/a>&nbsp;&nbsp;UOL<\/li>\n<li><a href=\"https:\/\/news.google.com\/rss\/articles\/CBMihAJBVV95cUxNMFpQZ1pXcFNDQWFzeXVkbkhQeks5S3lUdXFrTURVazA3U0k1b2tjMTM4Z3BaS3hJREg2eWR6MmthbFdRNlJTVE8yR2xkcWxyOHhXbnRERy16UnQ1eXkxakNBN01vNTZCcmQtbzA5eHliaWhqM1k0RlU0VkRTNnFqNTkwVy02X3NidjFCaW9pNlE5UXZPZzVVX2Fza0RjV01MSTVNdm5JaUd0NXlocnNpV21jZ1E1d2lERFpPOW5DclREcWVUdUE2Zk5wcVBjZXk4alhTWkE1LUxITzU2SkVicEtydEh0bzNqWUVRWDdTc25mS1hYaEJFeTV4WXVnb1lWN2lQRA?oc=5\" target=\"_blank\" rel=\"nofollow noopener\">RD Congo elimina Nig\u00e9ria nos p\u00eanaltis e avan\u00e7a \u00e0 repescagem intercontinental<\/a>&nbsp;&nbsp;Terra<\/li>\n<\/ol>\n","protected":false},"excerpt":{"rendered":"RD Congo vai ao playoff e Nig\u00e9ria falha Mundial 2026&nbsp;&nbsp;zerozero.pt Rep\u00fablica Democr\u00e1tica do Congo bate Nig\u00e9ria e ser\u00e1&hellip;\n","protected":false},"author":2,"featured_media":154735,"comment_status":"","ping_status":"","sticky":false,"template":"","format":"standard","meta":{"footnotes":""},"categories":[8],"tags":[3056,2685,27,28,135,16996,870,15,16,2698,526,31454,524,14,25,26,1003,21,22,6027,12,13,19,20,32,23,24,33,527,31535,525,17,18,31536,2697,29,30,31,523],"class_list":{"0":"post-154734","1":"post","2":"type-post","3":"status-publish","4":"format-standard","5":"has-post-thumbnail","7":"category-principais-noticias","8":"tag-ao-vivo","9":"tag-bola","10":"tag-breaking-news","11":"tag-breakingnews","12":"tag-desporto","13":"tag-europeu","14":"tag-eventos","15":"tag-featured-news","16":"tag-featurednews","17":"tag-fifa","18":"tag-football","19":"tag-forum","20":"tag-futebol","21":"tag-headlines","22":"tag-latest-news","23":"tag-latestnews","24":"tag-liga-dos-campeoes","25":"tag-main-news","26":"tag-mainnews","27":"tag-mundial","28":"tag-news","29":"tag-noticias","30":"tag-noticias-principais","31":"tag-noticiasprincipais","32":"tag-portugal","33":"tag-principais-noticias","34":"tag-principaisnoticias","35":"tag-pt","36":"tag-resultados","37":"tag-resultados-em-directo","38":"tag-soccer","39":"tag-top-stories","40":"tag-topstories","41":"tag-torneios","42":"tag-uefa","43":"tag-ultimas","44":"tag-ultimas-noticias","45":"tag-ultimasnoticias","46":"tag-zerozero"},"share_on_mastodon":{"url":"","error":"Validation failed: Text character limit of 500 exceeded"},"_links":{"self":[{"href":"https:\/\/www.europesays.com\/pt\/wp-json\/wp\/v2\/posts\/154734","targetHints":{"allow":["GET"]}}],"collection":[{"href":"https:\/\/www.europesays.com\/pt\/wp-json\/wp\/v2\/posts"}],"about":[{"href":"https:\/\/www.europesays.com\/pt\/wp-json\/wp\/v2\/types\/post"}],"author":[{"embeddable":true,"href":"https:\/\/www.europesays.com\/pt\/wp-json\/wp\/v2\/users\/2"}],"replies":[{"embeddable":true,"href":"https:\/\/www.europesays.com\/pt\/wp-json\/wp\/v2\/comments?post=154734"}],"version-history":[{"count":0,"href":"https:\/\/www.europesays.com\/pt\/wp-json\/wp\/v2\/posts\/154734\/revisions"}],"wp:featuredmedia":[{"embeddable":true,"href":"https:\/\/www.europesays.com\/pt\/wp-json\/wp\/v2\/media\/154735"}],"wp:attachment":[{"href":"https:\/\/www.europesays.com\/pt\/wp-json\/wp\/v2\/media?parent=154734"}],"wp:term":[{"taxonomy":"category","embeddable":true,"href":"https:\/\/www.europesays.com\/pt\/wp-json\/wp\/v2\/categories?post=154734"},{"taxonomy":"post_tag","embeddable":true,"href":"https:\/\/www.europesays.com\/pt\/wp-json\/wp\/v2\/tags?post=154734"}],"curies":[{"name":"wp","href":"https:\/\/api.w.org\/{rel}","templated":true}]}}