{"id":154736,"date":"2025-11-17T07:05:19","date_gmt":"2025-11-17T07:05:19","guid":{"rendered":"https:\/\/www.europesays.com\/pt\/154736\/"},"modified":"2025-11-17T07:05:19","modified_gmt":"2025-11-17T07:05:19","slug":"ex-de-dado-dolabella-diz-se-falou-com-luana-piovani-apos-denuncia","status":"publish","type":"post","link":"https:\/\/www.europesays.com\/pt\/154736\/","title":{"rendered":"Ex de Dado Dolabella diz se falou com Luana Piovani ap\u00f3s den\u00fancia"},"content":{"rendered":"<p><strong>Marcela Tomaszewski <\/strong>revelou se foi procurada por alguma ex-companheira de\u00a0<strong>Dado Dolabella<\/strong>, incluindo a atriz <strong>Luana Piovani<\/strong>, ap\u00f3s denunci\u00e1-lo por suposta agress\u00e3o.<\/p>\n<p>&#8220;A Luana n\u00e3o me procurou! Respeito o posicionamento dela porque, a princ\u00edpio, o meu primeiro posicionamento foi negar, e com certeza isso magoou bastante ela&#8221;, disse a modelo em entrevista \u00e0 rep\u00f3rter Monique Arruda, do portal LeoDias.<\/p>\n<p>O posicionamento ao qual\u00a0<strong>Marcela\u00a0<\/strong>se refere \u00e9 a entrevista concecida ao\u00a0<strong>Domingo Espetacular<\/strong>, da\u00a0<strong>Record<\/strong>, onde ela nega que tenha sido agredida por\u00a0<strong>Dolabella<\/strong>, dias depois do vazamento de um v\u00eddeo gravado pela Miss durante uma briga com o ex-namorado.<\/p>\n<p><strong>Marcela Tomaszewski <\/strong>revelou tamb\u00e9m que, apesar de n\u00e3o ter conversado com a atriz, est\u00e1 em contato com outras pessoas j\u00e1 que se envolveram com\u00a0<strong>Dado Dolabella<\/strong><\/p>\n<p>&#8220;Pessoas que nem foram at\u00e9 a delegacia, nem foram \u00e0 internet\u2026 Relacionamentos curtos, relacionamentos de um m\u00eas, 15 dias, que as garotas conseguiram sair disso antes que acontecesse o que aconteceu comigo&#8221;, contou.<\/p>\n","protected":false},"excerpt":{"rendered":"Marcela Tomaszewski revelou se foi procurada por alguma ex-companheira de\u00a0Dado Dolabella, incluindo a atriz Luana Piovani, ap\u00f3s denunci\u00e1-lo&hellip;\n","protected":false},"author":2,"featured_media":154737,"comment_status":"","ping_status":"","sticky":false,"template":"","format":"standard","meta":{"footnotes":""},"categories":[145],"tags":[211,210,12683,114,115,4585,2219,29457,32,33],"class_list":{"0":"post-154736","1":"post","2":"type-post","3":"status-publish","4":"format-standard","5":"has-post-thumbnail","7":"category-celebridades","8":"tag-celebridades","9":"tag-celebrities","10":"tag-dado-dolabella","11":"tag-entertainment","12":"tag-entretenimento","13":"tag-luana-piovani","14":"tag-mar","15":"tag-marcela-tomaszewski","16":"tag-portugal","17":"tag-pt"},"share_on_mastodon":{"url":"https:\/\/pubeurope.com\/@pt\/115563772212803069","error":""},"_links":{"self":[{"href":"https:\/\/www.europesays.com\/pt\/wp-json\/wp\/v2\/posts\/154736","targetHints":{"allow":["GET"]}}],"collection":[{"href":"https:\/\/www.europesays.com\/pt\/wp-json\/wp\/v2\/posts"}],"about":[{"href":"https:\/\/www.europesays.com\/pt\/wp-json\/wp\/v2\/types\/post"}],"author":[{"embeddable":true,"href":"https:\/\/www.europesays.com\/pt\/wp-json\/wp\/v2\/users\/2"}],"replies":[{"embeddable":true,"href":"https:\/\/www.europesays.com\/pt\/wp-json\/wp\/v2\/comments?post=154736"}],"version-history":[{"count":0,"href":"https:\/\/www.europesays.com\/pt\/wp-json\/wp\/v2\/posts\/154736\/revisions"}],"wp:featuredmedia":[{"embeddable":true,"href":"https:\/\/www.europesays.com\/pt\/wp-json\/wp\/v2\/media\/154737"}],"wp:attachment":[{"href":"https:\/\/www.europesays.com\/pt\/wp-json\/wp\/v2\/media?parent=154736"}],"wp:term":[{"taxonomy":"category","embeddable":true,"href":"https:\/\/www.europesays.com\/pt\/wp-json\/wp\/v2\/categories?post=154736"},{"taxonomy":"post_tag","embeddable":true,"href":"https:\/\/www.europesays.com\/pt\/wp-json\/wp\/v2\/tags?post=154736"}],"curies":[{"name":"wp","href":"https:\/\/api.w.org\/{rel}","templated":true}]}}