{"id":154760,"date":"2025-11-17T07:48:10","date_gmt":"2025-11-17T07:48:10","guid":{"rendered":"https:\/\/www.europesays.com\/pt\/154760\/"},"modified":"2025-11-17T07:48:10","modified_gmt":"2025-11-17T07:48:10","slug":"policia-de-portugal-prende-traficante-suspeito-de-ligacao-com-o-pcc-conhecido-como-hulk","status":"publish","type":"post","link":"https:\/\/www.europesays.com\/pt\/154760\/","title":{"rendered":"Pol\u00edcia de Portugal prende traficante suspeito de liga\u00e7\u00e3o com o PCC, conhecido como \u2018Hulk\u2019"},"content":{"rendered":"\n<p class=\" content-text__container theme-color-primary-first-letter\" data-track-category=\"Link no Texto\" data-track-links=\"\"> A Pol\u00edcia Judici\u00e1ria de Portugal prendeu, neste s\u00e1bado, em Lisboa, um traficante suspeito de liga\u00e7\u00e3o com o Primeiro Comando da Capital (PCC), conhecido como \u201cHulk\u201d. O brasileiro Ygor Daniel Zago, de 44 anos, estava na lista vermelha da Interpol e foi preso junto \u00e0 mulher, Fernanda Ferrari Zago, de 40, ap\u00f3s opera\u00e7\u00e3o para cumprir mandados internacionais emitidos pelo Brasil. <\/p>\n<p class=\" content-text__container \" data-track-category=\"Link no Texto\" data-track-links=\"\"> \u201cHulk\u201d havia sido condenado no Brasil a 29 anos de pris\u00e3o por tr\u00e1fico internacional de drogas e tinha pris\u00e3o preventiva decretada pelo Tribunal de Justi\u00e7a de S\u00e3o Paulo (TJ-SP) por organiza\u00e7\u00e3o criminosa, lavagem de dinheiro e corrup\u00e7\u00e3o ativa. <\/p>\n<p class=\" content-text__container \" data-track-category=\"Link no Texto\" data-track-links=\"\"> Segundo o comunicado da Pol\u00edcia Judici\u00e1ria portuguesa, em 2023, ap\u00f3s a apreens\u00e3o de 30 mil litros de metanol, a investiga\u00e7\u00e3o brasileiro levou \u00e0 descoberta de uma organiza\u00e7\u00e3o criminosa envolvida no com\u00e9rcio de combust\u00edvel adulterado com metanol, incluindo casos de corrup\u00e7\u00e3o de funcion\u00e1rios p\u00fablicos e oculta\u00e7\u00e3o de bens e fundos derivados dessas atividades il\u00edcitas. <\/p>\n<p class=\" content-text__container \" data-track-category=\"Link no Texto\" data-track-links=\"\"> \u201cA organiza\u00e7\u00e3o criminosa operava de forma organizada e estruturada, com uma clara divis\u00e3o de fun\u00e7\u00f5es, sendo que \u00e0 frente da organiza\u00e7\u00e3o estava um dos elementos agora detido (\u201cHulk\u201d), respons\u00e1vel por tomar decis\u00f5es relativas a todas as atividades da organiza\u00e7\u00e3o, emitir ordens aos subordinados e gerir os recursos financeiros do grupo criminoso\u201d, diz a pol\u00edcia. <\/p>\n<p class=\" content-text__container \" data-track-category=\"Link no Texto\" data-track-links=\"\"> Na conta banc\u00e1ria da esposa de \u201cHulk\u201d, foram identificados fundos il\u00edcitos da organiza\u00e7\u00e3o criminosa, auxiliando na oculta\u00e7\u00e3o de bens e valores. Al\u00e9m disso, foi apurada a titularidade de diversos ve\u00edculos de luxo, utilizados por outros membros da organiza\u00e7\u00e3o, aponta a Pol\u00edcia Judici\u00e1ria. <\/p>\n<p class=\" content-text__container \" data-track-category=\"Link no Texto\" data-track-links=\"\"> Por esses fatos, diz a corpora\u00e7\u00e3o, ambos poder\u00e3o ser condenados a uma pena de 12 anos de pris\u00e3o. Eles ir\u00e3o se apresentar ao Tribunal da Rela\u00e7\u00e3o de Lisboa, para aplica\u00e7\u00e3o de uma medida de coa\u00e7\u00e3o. <\/p>\n<p class=\" content-text__container \" data-track-category=\"Link no Texto\" data-track-links=\"\"> Procurado, o Minist\u00e9rio da Justi\u00e7a e Seguran\u00e7a P\u00fablica, por meio da Secretaria Nacional de Justi\u00e7a, disse que n\u00e3o se manifesta em rela\u00e7\u00e3o a casos espec\u00edficos, uma vez que correm em sigilo, de acordo com a Lei Geral de Prote\u00e7\u00e3o de Dados (LGPD). A Pol\u00edcia Federal n\u00e3o respondeu at\u00e9 a publica\u00e7\u00e3o da reportagem. <\/p>\n","protected":false},"excerpt":{"rendered":"A Pol\u00edcia Judici\u00e1ria de Portugal prendeu, neste s\u00e1bado, em Lisboa, um traficante suspeito de liga\u00e7\u00e3o com o Primeiro&hellip;\n","protected":false},"author":2,"featured_media":154761,"comment_status":"","ping_status":"","sticky":false,"template":"","format":"standard","meta":{"footnotes":""},"categories":[10],"tags":[27,28,15,16,319,14,25,26,21,22,12,13,19,20,32,23,24,33,318,17,18,29,30,31],"class_list":{"0":"post-154760","1":"post","2":"type-post","3":"status-publish","4":"format-standard","5":"has-post-thumbnail","7":"category-portugal","8":"tag-breaking-news","9":"tag-breakingnews","10":"tag-featured-news","11":"tag-featurednews","12":"tag-hard-news","13":"tag-headlines","14":"tag-latest-news","15":"tag-latestnews","16":"tag-main-news","17":"tag-mainnews","18":"tag-news","19":"tag-noticias","20":"tag-noticias-principais","21":"tag-noticiasprincipais","22":"tag-portugal","23":"tag-principais-noticias","24":"tag-principaisnoticias","25":"tag-pt","26":"tag-radar","27":"tag-top-stories","28":"tag-topstories","29":"tag-ultimas","30":"tag-ultimas-noticias","31":"tag-ultimasnoticias"},"share_on_mastodon":{"url":"https:\/\/pubeurope.com\/@pt\/115563941267498624","error":""},"_links":{"self":[{"href":"https:\/\/www.europesays.com\/pt\/wp-json\/wp\/v2\/posts\/154760","targetHints":{"allow":["GET"]}}],"collection":[{"href":"https:\/\/www.europesays.com\/pt\/wp-json\/wp\/v2\/posts"}],"about":[{"href":"https:\/\/www.europesays.com\/pt\/wp-json\/wp\/v2\/types\/post"}],"author":[{"embeddable":true,"href":"https:\/\/www.europesays.com\/pt\/wp-json\/wp\/v2\/users\/2"}],"replies":[{"embeddable":true,"href":"https:\/\/www.europesays.com\/pt\/wp-json\/wp\/v2\/comments?post=154760"}],"version-history":[{"count":0,"href":"https:\/\/www.europesays.com\/pt\/wp-json\/wp\/v2\/posts\/154760\/revisions"}],"wp:featuredmedia":[{"embeddable":true,"href":"https:\/\/www.europesays.com\/pt\/wp-json\/wp\/v2\/media\/154761"}],"wp:attachment":[{"href":"https:\/\/www.europesays.com\/pt\/wp-json\/wp\/v2\/media?parent=154760"}],"wp:term":[{"taxonomy":"category","embeddable":true,"href":"https:\/\/www.europesays.com\/pt\/wp-json\/wp\/v2\/categories?post=154760"},{"taxonomy":"post_tag","embeddable":true,"href":"https:\/\/www.europesays.com\/pt\/wp-json\/wp\/v2\/tags?post=154760"}],"curies":[{"name":"wp","href":"https:\/\/api.w.org\/{rel}","templated":true}]}}