{"id":154768,"date":"2025-11-17T08:02:33","date_gmt":"2025-11-17T08:02:33","guid":{"rendered":"https:\/\/www.europesays.com\/pt\/154768\/"},"modified":"2025-11-17T08:02:33","modified_gmt":"2025-11-17T08:02:33","slug":"o-mirante-autocarro-em-samora-correia-continua-abandonado-e-transforma-se-em-refugio","status":"publish","type":"post","link":"https:\/\/www.europesays.com\/pt\/154768\/","title":{"rendered":"O MIRANTE | Autocarro em Samora Correia continua abandonado\u00a0e transforma-se em ref\u00fagio\u00a0"},"content":{"rendered":"<p>     <img decoding=\"async\" src=\"https:\/\/www.europesays.com\/pt\/wp-content\/uploads\/2025\/11\/1763366553_516_mw-900.webp\" alt=\"Autocarro em Samora Correia continua abandonado\u00a0e transforma-se em ref\u00fagio\u00a0\" title=\"Autocarro em Samora Correia continua abandonado\u00a0e transforma-se em ref\u00fagio\u00a0\"\/>   <\/p>\n<p>Quatro meses depois do alerta de O MIRANTE, o autocarro estacionado abusivamente na Rua Alexandre Herculano, em Samora Correia, continua no mesmo local, agora em pior estado e aparentemente a servir de abrigo improvisado.<\/p>\n<p>O autocarro que h\u00e1 mais de dois anos foi deixado ao abandono na Rua Alexandre Herculano, em Samora Correia, mant\u00e9m-se no mesmo s\u00edtio, apesar dos sucessivos alertas. Quatro meses depois de O MIRANTE ter denunciado a situa\u00e7\u00e3o, nada foi feito para remover a viatura, que continua a degradar-se e a ocupar cinco lugares de estacionamento destinados a ve\u00edculos ligeiros. <br \/>Uma das portas do compartimento das bagagens est\u00e1 agora aberta e no interior \u00e9 poss\u00edvel ver roupas, cal\u00e7ado, mantas, uma mala de viagem e pequenos m\u00f3veis, sinais de que o espa\u00e7o poder\u00e1 estar a ser usado como abrigo improvisado. <br \/>Moradores da zona afirmam que o autocarro permanece no local h\u00e1 mais de dois anos e que j\u00e1 chegou a ter afixado um aviso da C\u00e2mara de Benavente para ser removido, sem que o reboque do ve\u00edculo se tenha concretizado. A degrada\u00e7\u00e3o da carro\u00e7aria \u00e9 cada vez mais evidente, com pintura estalada, chapas met\u00e1licas soltas e marcas de vandalismo. <br \/>Em Julho deste ano, O MIRANTE noticiou que o autocarro era motivo de preocupa\u00e7\u00e3o entre a popula\u00e7\u00e3o e que havia relatos de estar a ser utilizado para consumo de estupefacientes. Na altura, o presidente da Junta de Freguesia de Samora Correia, Augusto Marques, garantiu ter comunicado o caso tr\u00eas vezes \u00e0 C\u00e2mara de Benavente e prometeu voltar a insistir na remo\u00e7\u00e3o do ve\u00edculo. <br \/>O autocarro pertence ao Grupo Irizar, um fabricante espanhol, e tem identifica\u00e7\u00e3o da empresa Oliveira Tur, sediada na localidade de Beir\u00e3o, em Marv\u00e3o. Contudo, apurou O MIRANTE, o pesado ter\u00e1 sido vendido h\u00e1 cinco anos \u00e0 empresa Transg\u00e9meas, com sede em Vila Franca de Xira, cujo logotipo tamb\u00e9m permanece vis\u00edvel na frente do ve\u00edculo. A \u00faltima ap\u00f3lice de seguro conhecida expirou em Agosto de 2022. Enquanto o processo se arrasta, o ve\u00edculo permanece \u00e0 vista de todos, degradando-se lentamente e contribuindo para a sensa\u00e7\u00e3o de abandono em plena zona residencial.<\/p>\n<p>O que diz a lei sobre estacionamento indevido  <\/p>\n<p>O artigo 163.\u00ba do C\u00f3digo da Estrada estabelece que se considera estacionamento indevido ou abusivo o de ve\u00edculos que permane\u00e7am, por trinta dias ininterruptos, em local da via p\u00fablica ou em parques isentos de pagamento de taxa, ou o de ve\u00edculos agr\u00edcolas, m\u00e1quinas industriais, reboques e semi-reboques n\u00e3o atrelados que fiquem no mesmo local por mais de 72 horas, ou 30 dias, se estiverem em parques destinados a esse fim. <br \/>Tamb\u00e9m \u00e9 considerado estacionamento indevido o de viaturas com sinais exteriores de abandono, inutiliza\u00e7\u00e3o ou impossibilidade de circula\u00e7\u00e3o por meios pr\u00f3prios durante mais de 48 horas; o de ve\u00edculos sem chapa de matr\u00edcula ou com matr\u00edcula ileg\u00edvel; e ainda o de autom\u00f3veis deixados em zonas de estacionamento condicionado para al\u00e9m do tempo permitido ou sem pagamento das taxas devidas. O diploma prev\u00ea igualmente que os prazos n\u00e3o se interrompem se as viaturas forem apenas deslocadas de um para outro lugar de estacionamento. <br \/>Quando \u00e9 verificada alguma destas situa\u00e7\u00f5es, pode a c\u00e2mara municipal sinalizar o ve\u00edculo para remo\u00e7\u00e3o da via p\u00fablica. O propriet\u00e1rio \u00e9 identificado atrav\u00e9s de consulta ao Instituto dos Registos e Notariado e notificado da inten\u00e7\u00e3o de remo\u00e7\u00e3o. Caso o ve\u00edculo seja retirado, \u00e9 novamente notificado, por carta ou edital, de acordo com os prazos legalmente previstos. Findos esses prazos e n\u00e3o havendo reclama\u00e7\u00e3o, a viatura \u00e9 avaliada pelo munic\u00edpio e poder\u00e1 ser encaminhada para abate, sendo emitido o respectivo Certificado de Destrui\u00e7\u00e3o. Se o propriet\u00e1rio pretender reaver a viatura, pode faz\u00ea-lo dentro do prazo estipulado, mediante o pagamento das taxas correspondentes.<\/p>\n","protected":false},"excerpt":{"rendered":"Quatro meses depois do alerta de O MIRANTE, o autocarro estacionado abusivamente na Rua Alexandre Herculano, em Samora&hellip;\n","protected":false},"author":2,"featured_media":154769,"comment_status":"","ping_status":"","sticky":false,"template":"","format":"standard","meta":{"footnotes":""},"categories":[10],"tags":[27,28,15,16,14,6569,6568,25,26,21,22,12,13,19,20,32,23,24,33,3551,5314,17,18,29,30,31],"class_list":{"0":"post-154768","1":"post","2":"type-post","3":"status-publish","4":"format-standard","5":"has-post-thumbnail","7":"category-portugal","8":"tag-breaking-news","9":"tag-breakingnews","10":"tag-featured-news","11":"tag-featurednews","12":"tag-headlines","13":"tag-jornal-regional","14":"tag-jornalismo-de-proximidade","15":"tag-latest-news","16":"tag-latestnews","17":"tag-main-news","18":"tag-mainnews","19":"tag-news","20":"tag-noticias","21":"tag-noticias-principais","22":"tag-noticiasprincipais","23":"tag-portugal","24":"tag-principais-noticias","25":"tag-principaisnoticias","26":"tag-pt","27":"tag-regiao","28":"tag-ribatejo","29":"tag-top-stories","30":"tag-topstories","31":"tag-ultimas","32":"tag-ultimas-noticias","33":"tag-ultimasnoticias"},"share_on_mastodon":{"url":"https:\/\/pubeurope.com\/@pt\/115563996539240529","error":""},"_links":{"self":[{"href":"https:\/\/www.europesays.com\/pt\/wp-json\/wp\/v2\/posts\/154768","targetHints":{"allow":["GET"]}}],"collection":[{"href":"https:\/\/www.europesays.com\/pt\/wp-json\/wp\/v2\/posts"}],"about":[{"href":"https:\/\/www.europesays.com\/pt\/wp-json\/wp\/v2\/types\/post"}],"author":[{"embeddable":true,"href":"https:\/\/www.europesays.com\/pt\/wp-json\/wp\/v2\/users\/2"}],"replies":[{"embeddable":true,"href":"https:\/\/www.europesays.com\/pt\/wp-json\/wp\/v2\/comments?post=154768"}],"version-history":[{"count":0,"href":"https:\/\/www.europesays.com\/pt\/wp-json\/wp\/v2\/posts\/154768\/revisions"}],"wp:featuredmedia":[{"embeddable":true,"href":"https:\/\/www.europesays.com\/pt\/wp-json\/wp\/v2\/media\/154769"}],"wp:attachment":[{"href":"https:\/\/www.europesays.com\/pt\/wp-json\/wp\/v2\/media?parent=154768"}],"wp:term":[{"taxonomy":"category","embeddable":true,"href":"https:\/\/www.europesays.com\/pt\/wp-json\/wp\/v2\/categories?post=154768"},{"taxonomy":"post_tag","embeddable":true,"href":"https:\/\/www.europesays.com\/pt\/wp-json\/wp\/v2\/tags?post=154768"}],"curies":[{"name":"wp","href":"https:\/\/api.w.org\/{rel}","templated":true}]}}