{"id":154770,"date":"2025-11-17T08:04:10","date_gmt":"2025-11-17T08:04:10","guid":{"rendered":"https:\/\/www.europesays.com\/pt\/154770\/"},"modified":"2025-11-17T08:04:10","modified_gmt":"2025-11-17T08:04:10","slug":"demi-moore-na-serie-landman-o-que-ver-na-segunda-16-11-2025-ilustrada","status":"publish","type":"post","link":"https:\/\/www.europesays.com\/pt\/154770\/","title":{"rendered":"Demi Moore na s\u00e9rie &#8216;Landman&#8217;: o que ver na segunda &#8211; 16\/11\/2025 &#8211; Ilustrada"},"content":{"rendered":"<p><a href=\"https:\/\/www1.folha.uol.com.br\/ilustrada\/2024\/12\/billy-bob-thornton-vive-lobo-solitario-em-serie-sobre-mundo-do-petroleo-no-texas.shtml\" rel=\"nofollow noopener\" target=\"\">Billy Bob Thornton<\/a>, <a href=\"https:\/\/www1.folha.uol.com.br\/folha-topicos\/demi-moore\/\" rel=\"nofollow noopener\" target=\"_blank\">Demi Moore<\/a> e Ali Larter est\u00e3o de volta na segunda temporada de &#8220;<a href=\"https:\/\/f5.folha.uol.com.br\/cinema-e-series\/2025\/11\/ali-larter-tenta-fugir-do-cliche-da-loira-burra-em-landman-o-importante-e-que-vejam-sua-luta.shtml\" rel=\"nofollow noopener\" target=\"\">Landman<\/a>&#8220;, que tamb\u00e9m traz Sam Elliott e Andy Garcia no elenco.<\/p>\n<p>O personagem de Thornton, Tommy Norris, assume o comando da M-Tex Oil, troca os campos de explora\u00e7\u00e3o pelos sal\u00f5es corporativos, e o imp\u00e9rio do <a href=\"https:\/\/www1.folha.uol.com.br\/folha-topicos\/petroleo\/\" rel=\"nofollow noopener\" target=\"_blank\">petr\u00f3leo<\/a> entra em ebuli\u00e7\u00e3o. Mais um sucesso criado por <a href=\"https:\/\/f5.folha.uol.com.br\/cinema-e-series\/2021\/12\/apos-yellowstone-taylor-sheridan-expande-seu-imperio-do-faroeste.shtml\" rel=\"nofollow noopener\" target=\"\">Taylor Sheridan<\/a>, a s\u00e9rie se aprofunda no poder e na moralidade no estado americano do Texas.<\/p>\n<p><strong>Onde ver:<\/strong> Paramount+, 16 anos<\/p>\n<p>A core\u00f3grafa e bailarina brasileira <a href=\"https:\/\/www1.folha.uol.com.br\/ilustrada\/2018\/07\/e-raro-ver-negros-em-bales-diz-carioca-ingrid-silva.shtml\" rel=\"nofollow noopener\" target=\"_blank\">Ingrid Silva<\/a>, principal do <a href=\"https:\/\/www1.folha.uol.com.br\/ilustrada\/2021\/08\/brasil-nao-da-protagonismo-a-dancarinos-negros-diz-bailarina-ingrid-silva.shtml\" rel=\"nofollow noopener\" target=\"_blank\">Dance Theatre of Harlem de Nova York<\/a>, fala sobre a carreira e os muitos eventos de que participou em 2025, como a celebra\u00e7\u00e3o do Dia Internacional da Mulher na ONU e o Global Citizen Now.<\/p>\n<p><strong>Onde ver: <\/strong><a href=\"https:\/\/www1.folha.uol.com.br\/folha-topicos\/tv-cultura\/\" rel=\"nofollow noopener\" target=\"_blank\">TV Cultura<\/a>, 22h, livre<\/p>\n<p>O Cuco de Cristal<\/p>\n<p>Clara sofre um <a href=\"https:\/\/www1.folha.uol.com.br\/equilibrioesaude\/2025\/09\/cinco-sinais-de-alerta-de-um-ataque-cardiaco-segundo-cardiologistas.shtml\" rel=\"nofollow noopener\" target=\"\">ataque card\u00edaco<\/a> e passa por um transplante. Quando se recupera, ela procura o doador em uma cidadezinha misteriosa e descobre que o cora\u00e7\u00e3o pertenceu a um jovem envolvido em uma trag\u00e9dia. A chegada de Clara na cidade coincide com um desaparecimento na s\u00e9rie espanhola.<\/p>\n<p><strong>Onde ver:<\/strong> <a href=\"https:\/\/www1.folha.uol.com.br\/folha-topicos\/netflix\/\" rel=\"nofollow noopener\" target=\"_blank\">Netflix<\/a>, 16 anos<\/p>\n<p>Meu Marido<\/p>\n<p>Resgatada dos arquivos, a miniss\u00e9rie de 1991 tem oito epis\u00f3dios e elenco encabe\u00e7ado por <a href=\"https:\/\/www1.folha.uol.com.br\/folha-topicos\/elizabeth-savala\/\" rel=\"nofollow noopener\" target=\"_blank\">Elizabeth Savala<\/a> e <a href=\"https:\/\/www1.folha.uol.com.br\/fsp\/ilustrada\/91942-rei-da-pornochanchada-nuno-leal-maia-volta-ao-cinema-em-quottaina-3quot.shtml\" rel=\"nofollow noopener\" target=\"\">Nuno Leal Maia<\/a>. Conta a hist\u00f3ria de um pai de fam\u00edlia e funcion\u00e1rio exemplar que \u00e9 preso depois que encontra <a href=\"https:\/\/www1.folha.uol.com.br\/cotidiano\/2025\/10\/estudo-identifica-550-laboratorios-para-processar-cocaina-no-brasil.shtml\" rel=\"nofollow noopener\" target=\"\">coca\u00edna<\/a> no estofamento de seu carro. A esposa Maria passa a lutar para provar a inoc\u00eancia dele.<\/p>\n<p><strong>Onde ver: <\/strong>Globoplay, classifica\u00e7\u00e3o n\u00e3o informada<\/p>\n<p>O Melhor Espet\u00e1culo de Natal de Todos os Tempos<\/p>\n<p>Os irm\u00e3os Herdman s\u00e3o as crian\u00e7as mais bagunceiras do mundo e tomam o controle do espet\u00e1culo de Natal, o primeiro dirigido por Grace. O que ningu\u00e9m espera \u00e9 que s\u00e3o eles que v\u00e3o mostrar o verdadeiro esp\u00edrito natalino.<\/p>\n<p><strong>Onde ver:<\/strong> <a href=\"https:\/\/www1.folha.uol.com.br\/folha-topicos\/max\/\" rel=\"nofollow noopener\" target=\"\">HBO Max<\/a>, livre<\/p>\n<p>Truque de Mestre<\/p>\n<p>Enquanto o terceiro filme chega aos cinemas, a &#8220;Sess\u00e3o da Tarde&#8221; mostra o in\u00edcio da saga, que une a\u00e7\u00e3o, mist\u00e9rio e truques de magia. Daniel \u00e9 o l\u00edder do grupo de ilusionistas que rouba bancos \u2014vividos por Jesse Eisenberg, Isla Fisher, Dave Franco, Morgan Freeman, Woody Harrelson e <a href=\"https:\/\/www1.folha.uol.com.br\/folha-topicos\/mark-ruffalo\/\" rel=\"nofollow noopener\" target=\"_blank\">Mark Ruffalo<\/a>.<\/p>\n<p><strong>Onde ver:<\/strong> TV <a href=\"https:\/\/www1.folha.uol.com.br\/folha-topicos\/globo\/\" rel=\"nofollow noopener\" target=\"_blank\">Globo<\/a>, 15h30, 12 anos<\/p>\n<p>Loucademia de Pol\u00edcia<\/p>\n<p>Recrutas atrapalhados causam caos na academia enlouquecendo o comandante Lassard e o r\u00edgido tenente Harris. Com ritmo fren\u00e9tico e &#8220;gags&#8221; f\u00edsicas, o filme fez um marco na com\u00e9dia dos anos 1980 usando o humor absurdo. Kim Cattrall, de cabelos castanhos, interpreta uma cadete.<\/p>\n<p><strong>Onde ver:<\/strong> Telecine Fun, 22h, 14 anos<\/p>\n","protected":false},"excerpt":{"rendered":"Billy Bob Thornton, Demi Moore e Ali Larter est\u00e3o de volta na segunda temporada de &#8220;Landman&#8220;, que tamb\u00e9m&hellip;\n","protected":false},"author":2,"featured_media":154771,"comment_status":"","ping_status":"","sticky":false,"template":"","format":"standard","meta":{"footnotes":""},"categories":[145],"tags":[33333,211,210,470,19764,20415,14835,4642,114,115,236,753,3179,2595,24740,14103,792,1627,716,2931,33334,364,32,33,20825,33332,941,940,13135,8406,600,15858],"class_list":{"0":"post-154770","1":"post","2":"type-post","3":"status-publish","4":"format-standard","5":"has-post-thumbnail","7":"category-celebridades","8":"tag-andy-garcia","9":"tag-celebridades","10":"tag-celebrities","11":"tag-cinema","12":"tag-cocaina","13":"tag-dave-franco","14":"tag-demi-moore","15":"tag-elizabeth-savala","16":"tag-entertainment","17":"tag-entretenimento","18":"tag-folha","19":"tag-globo","20":"tag-globoplay","21":"tag-hollywood","22":"tag-hulk","23":"tag-mark-ruffalo","24":"tag-marvel","25":"tag-max","26":"tag-netflix","27":"tag-novela","28":"tag-nuno-leal-maia","29":"tag-paramount","30":"tag-portugal","31":"tag-pt","32":"tag-roda-viva","33":"tag-sam-elliott","34":"tag-series","35":"tag-streaming","36":"tag-texas","37":"tag-tv-cultura","38":"tag-veja-video","39":"tag-vera-magalhaes"},"share_on_mastodon":{"url":"https:\/\/pubeurope.com\/@pt\/115564004208710214","error":""},"_links":{"self":[{"href":"https:\/\/www.europesays.com\/pt\/wp-json\/wp\/v2\/posts\/154770","targetHints":{"allow":["GET"]}}],"collection":[{"href":"https:\/\/www.europesays.com\/pt\/wp-json\/wp\/v2\/posts"}],"about":[{"href":"https:\/\/www.europesays.com\/pt\/wp-json\/wp\/v2\/types\/post"}],"author":[{"embeddable":true,"href":"https:\/\/www.europesays.com\/pt\/wp-json\/wp\/v2\/users\/2"}],"replies":[{"embeddable":true,"href":"https:\/\/www.europesays.com\/pt\/wp-json\/wp\/v2\/comments?post=154770"}],"version-history":[{"count":0,"href":"https:\/\/www.europesays.com\/pt\/wp-json\/wp\/v2\/posts\/154770\/revisions"}],"wp:featuredmedia":[{"embeddable":true,"href":"https:\/\/www.europesays.com\/pt\/wp-json\/wp\/v2\/media\/154771"}],"wp:attachment":[{"href":"https:\/\/www.europesays.com\/pt\/wp-json\/wp\/v2\/media?parent=154770"}],"wp:term":[{"taxonomy":"category","embeddable":true,"href":"https:\/\/www.europesays.com\/pt\/wp-json\/wp\/v2\/categories?post=154770"},{"taxonomy":"post_tag","embeddable":true,"href":"https:\/\/www.europesays.com\/pt\/wp-json\/wp\/v2\/tags?post=154770"}],"curies":[{"name":"wp","href":"https:\/\/api.w.org\/{rel}","templated":true}]}}