{"id":154778,"date":"2025-11-17T08:18:13","date_gmt":"2025-11-17T08:18:13","guid":{"rendered":"https:\/\/www.europesays.com\/pt\/154778\/"},"modified":"2025-11-17T08:18:13","modified_gmt":"2025-11-17T08:18:13","slug":"apos-10-dias-pedro-bianchi-prata-desabafa-sobre-o-filho-o-mais-dificil-de-tudo","status":"publish","type":"post","link":"https:\/\/www.europesays.com\/pt\/154778\/","title":{"rendered":"Ap\u00f3s 10 dias, Pedro Bianchi Prata desabafa sobre o filho: &#8220;O mais dif\u00edcil de tudo&#8230;&#8221;"},"content":{"rendered":"<p>Um pai babado. Assim \u00e9 <a href=\"https:\/\/selfie.iol.pt\/famosos\/maria-botelho-moniz\/a-caminho-de-portugal-pedro-bianchi-prata-sofre-incidente-de-madrugada\/20251102\/690710edd34e3caad84acd9d\" target=\"_blank\" rel=\"nofollow noopener\">Pedro Bianchi Prata<\/a>, tal como o pr\u00f3prio voltou a demonstrar agora, que j\u00e1 est\u00e1 de regresso a casa, depois de mais uma exigente prova no deserto.<\/p>\n<p>&#8220;Este j\u00e1 est\u00e1 em casa&#8221;, come\u00e7ou por referir na legenda de uma s\u00e9rie de fotografias, na qual posa com o filho, Vicente, e com um trof\u00e9u.<\/p>\n<p>De seguida, o piloto enumerou: &#8220;Foram cinco dias de pura aventura no deserto\u2026 1400 km de especiais. Mais de 38 horas em cima da moto. 39 baterias trocadas. 1200 quil\u00f3metros feitos pela assist\u00eancia. 53 litros de \u00e1gua bebidos. 71 horas de trabalho de equipa. 3800 quil\u00f3metros de viagem total. 95 horas de estrada nos carros de apoio. Sete\u00a0horas de barco.&#8221;<\/p>\n<p>&#8220;E no fim\u2026 escrevemos hist\u00f3ria. A primeira equipa do mundo a completar 100% de um rally no deserto com uma moto el\u00e9trica, um projeto Powered by MOEVE, e ainda conquistar um nono lugar da geral&#8221;, acrescentou, antes de deixar um desabafo sobre estes dias em que esteve longe de casa: &#8220;A mostrar ao mundo que este futuro tem futuro. E a verdade? O mais dif\u00edcil de tudo foi estar dez dias longe do meu filho Vicente e da Maria [Botelho Moniz, noiva de Pedro Bianchi Prata]. Orgulho m\u00e1ximo. N\u00e3o podia pedir mais. Melhor era imposs\u00edvel.&#8221;<\/p>\n<p>Veja, agora, as imagens partilhadas por Pedro Bianchi Prata na galeria de fotografias que prepar\u00e1mos para si.<\/p>\n","protected":false},"excerpt":{"rendered":"Um pai babado. Assim \u00e9 Pedro Bianchi Prata, tal como o pr\u00f3prio voltou a demonstrar agora, que j\u00e1&hellip;\n","protected":false},"author":2,"featured_media":154779,"comment_status":"","ping_status":"","sticky":false,"template":"","format":"standard","meta":{"footnotes":""},"categories":[145],"tags":[3539,211,210,135,114,115,981,980,1870,1015,338,619,4089,32,33,1012,162],"class_list":{"0":"post-154778","1":"post","2":"type-post","3":"status-publish","4":"format-standard","5":"has-post-thumbnail","7":"category-celebridades","8":"tag-apresentadora","9":"tag-celebridades","10":"tag-celebrities","11":"tag-desporto","12":"tag-entertainment","13":"tag-entretenimento","14":"tag-familia","15":"tag-famosos","16":"tag-filhos","17":"tag-instagram","18":"tag-maria-botelho-moniz","19":"tag-nacional","20":"tag-pedro-bianchi-prata","21":"tag-portugal","22":"tag-pt","23":"tag-selfie","24":"tag-tvi"},"share_on_mastodon":{"url":"https:\/\/pubeurope.com\/@pt\/115564059257176611","error":""},"_links":{"self":[{"href":"https:\/\/www.europesays.com\/pt\/wp-json\/wp\/v2\/posts\/154778","targetHints":{"allow":["GET"]}}],"collection":[{"href":"https:\/\/www.europesays.com\/pt\/wp-json\/wp\/v2\/posts"}],"about":[{"href":"https:\/\/www.europesays.com\/pt\/wp-json\/wp\/v2\/types\/post"}],"author":[{"embeddable":true,"href":"https:\/\/www.europesays.com\/pt\/wp-json\/wp\/v2\/users\/2"}],"replies":[{"embeddable":true,"href":"https:\/\/www.europesays.com\/pt\/wp-json\/wp\/v2\/comments?post=154778"}],"version-history":[{"count":0,"href":"https:\/\/www.europesays.com\/pt\/wp-json\/wp\/v2\/posts\/154778\/revisions"}],"wp:featuredmedia":[{"embeddable":true,"href":"https:\/\/www.europesays.com\/pt\/wp-json\/wp\/v2\/media\/154779"}],"wp:attachment":[{"href":"https:\/\/www.europesays.com\/pt\/wp-json\/wp\/v2\/media?parent=154778"}],"wp:term":[{"taxonomy":"category","embeddable":true,"href":"https:\/\/www.europesays.com\/pt\/wp-json\/wp\/v2\/categories?post=154778"},{"taxonomy":"post_tag","embeddable":true,"href":"https:\/\/www.europesays.com\/pt\/wp-json\/wp\/v2\/tags?post=154778"}],"curies":[{"name":"wp","href":"https:\/\/api.w.org\/{rel}","templated":true}]}}